{"id":7080,"date":"2021-04-21T17:20:51","date_gmt":"2021-04-21T16:20:51","guid":{"rendered":"https:\/\/devblog.mafra.it\/?p=7080"},"modified":"2021-04-21T17:20:51","modified_gmt":"2021-04-21T16:20:51","slug":"beneficia%e2%80%8b-prottettivo-per-coating-e-cere-labocosmetica","status":"publish","type":"post","link":"https:\/\/devblog.mafra.it\/?p=7080","title":{"rendered":"BENEF\u00ccCIA\u200b &#8211; Prottettivo per coating e cere -LABOCOSMETICA"},"content":{"rendered":"<h2><strong><span style=\"color: #808080; font-size: 1.5em;\"> BENEF\u00ccCIA\u200b &#8211; Prottettivo per coating e cere -LABOCOSMETICA <\/span><\/strong><\/h2>\n<p><iframe loading=\"lazy\" title=\"YouTube video player\" src=\"https:\/\/www.youtube.com\/embed\/qYcujMtYVBo\" width=\"560\" height=\"400\" frameborder=\"0\" allowfullscreen=\"allowfullscreen\"><\/iframe><\/p>\n<p>BENEF\u00ccCIA\u200b \u00e8 un esaltatore auto attivante per coating, basato sulla tecnologia fluoropolimerica, che entra in azione nel momento della nebulizzazione con acqua, completando in tal modo il ciclo \u201cno touch\u201d Mafra iniziato con PRIMUS\u200b. BENEF\u00ccCIA\u200b aderisce alla superficie per lungo tempo, \u00e8 resistente agli acidi e ai \u201cbird drop\u201d; agli alcalini, anche quelli pi\u00f9 forti presenti negli autolavaggi; ai solventi. Riduce i tempi di asciugatura eliminando alla radice il rischio di formazione di swirls e sigilla senza dover impiegare panni o applicatori, riducendo drasticamente il rischio della creazione di graffi. La sua miscela di fluoropolimeri e silossani doner\u00e0 in modo facile e veloce alla carrozzeria elevata protezione, luminosit\u00e0, setosit\u00e0 ed effetto loto, che d\u00e0 un incredibile beading e sheeting, con in pi\u00f9 un elevato effetto idrofobico. Nella fase di sviluppo di BENEF\u00ccCIA\u200b \u00e8 stata tenuta in considerazione la filosofia Mafra: massima facilit\u00e0 d\u2019uso e facile correzione di errori da parte del detailer (grazie alla nostra esclusiva tecnologia \u201cI Forgive You\u201d). Se dopo il risciacquo appaiono aloni dovuti a un errato uso dovuto a condizioni estreme di applicazione (presenza di sole, macchina calda), potranno infatti essere facilmente risolti tramite l\u2019applicazione del nostro quick detailer. BENEF\u00ccCIA\u200b \u00e8 stato ricercato, sviluppato e testato approfonditamente nei laboratori Mafra in collaborazione del lancio di nuovi modelli realizzati dai pi\u00f9 prestigiosi costruttori mondiali di auto sportive.<\/p>\n<p><strong>Buona visione!<\/strong><br \/>\n<span style=\"text-decoration: underline; color: #00205b; font-size: 1.3em; line-height: 3;\"><strong><span class=\"style-scope yt-formatted-string\" dir=\"auto\">Scopri tutta la linea Labocosmetica<\/span><\/strong><\/span><\/p>\n<p><a style=\"background-color: #00205b; color: #fff!important; padding: 10px 10px; border-radius: 8px; display: inline-block;\" href=\"https:\/\/www.labocosmetica.it\/\" target=\"_blank\" rel=\"noopener noreferrer\"> ACQUISTA SU LABOCOSMETICA<\/a><a style=\"margin-left: 10px; text-decoration: none; background-color: #b3b3b3; color: #fff!important; padding: 10px 10px; border-radius: 8px; display: inline-block;\" href=\"https:\/\/www.labocosmetica.it\/blog\/\" target=\"_blank\" rel=\"noopener noreferrer\">SEGUI IL NOSTRO BLOG<\/a><\/p>\n<p>&nbsp;<\/p>\n<h3 style=\"margin-top: 20px;\">Seguici sui nostri canali<\/h3>\n<p><a href=\"https:\/\/www.facebook.com\/labocosmeticaofficial\" target=\"_blank\" rel=\"noopener noreferrer\"><img decoding=\"async\" class=\"aligncenter\" style=\"width: 40px; height: 40px; display: inline-block; margin-right: 8px; margin-left: 5px;\" src=\"https:\/\/devblog.mafra.it\/wp-content\/uploads\/2020\/12\/logo_facebook-1.png\" alt=\"facebook\" \/><\/a><a href=\"https:\/\/www.instagram.com\/labocosmetica_official\/?hl=it\" target=\"_blank\" rel=\"noopener noreferrer\"><img decoding=\"async\" class=\"alignnone\" style=\"width: 40px; height: 40px; display: inline-block; margin-right: 8px; margin-left: 5px;\" src=\"https:\/\/devblog.mafra.it\/wp-content\/uploads\/2020\/12\/instagram.png\" alt=\"instagram\" \/><\/a><a href=\"https:\/\/www.youtube.com\/channel\/UCzbVOYDVeZYMZY-DeMxcAaA\" target=\"_blank\" rel=\"noopener noreferrer\"><img decoding=\"async\" style=\"width: 40px; height: 40px; display: inline-block; margin-right: 8px; margin-left: 5px;\" src=\"https:\/\/devblog.mafra.it\/wp-content\/uploads\/2020\/12\/youtube-logotype.png\" alt=\"youtube\" \/><\/a><a href=\"https:\/\/www.pinterest.it\/labocosmetica\/_created\/\" target=\"_blank\" rel=\"noopener noreferrer\"><img decoding=\"async\" style=\"width: 40px; height: 40px; display: inline-block; margin-right: 8px; margin-left: 5px;\" src=\"https:\/\/devblog.mafra.it\/wp-content\/uploads\/2020\/12\/p.png\" alt=\"Pinterest\" \/><\/a><\/p>\n","protected":false},"excerpt":{"rendered":"<p>BENEF\u00ccCIA\u200b &#8211; Prottettivo per coating e cere -LABOCOSMETICA BENEF\u00ccCIA\u200b \u00e8 un esaltatore auto attivante per coating, basato sulla tecnologia fluoropolimerica, che entra in azione nel momento della nebulizzazione con acqua, completando in tal modo il ciclo \u201cno touch\u201d Mafra iniziato con PRIMUS\u200b. BENEF\u00ccCIA\u200b aderisce alla superficie per lungo tempo, \u00e8 resistente agli acidi e ai [&hellip;]<\/p>\n","protected":false},"author":171,"featured_media":6923,"comment_status":"closed","ping_status":"open","sticky":false,"template":"","format":"standard","meta":{"footnotes":""},"categories":[985,963],"tags":[],"class_list":["post-7080","post","type-post","status-publish","format-standard","has-post-thumbnail","hentry","category-prodotti","category-collezione"],"yoast_head":"<!-- This site is optimized with the Yoast SEO plugin v15.0 - https:\/\/yoast.com\/wordpress\/plugins\/seo\/ -->\n<title>BENEF\u00ccCIA\u200b - Prottettivo per coating e cere -LABOCOSMETICA - Labocosmeticachannel<\/title>\n<meta name=\"robots\" content=\"index, follow, max-snippet:-1, max-image-preview:large, max-video-preview:-1\" \/>\n<link rel=\"canonical\" href=\"https:\/\/devblog.mafra.it\/beneficia\u200b-prottettivo-per-coating-e-cere-labocosmetica\/\" \/>\n<meta property=\"og:locale\" content=\"it_IT\" \/>\n<meta property=\"og:type\" content=\"article\" \/>\n<meta property=\"og:title\" content=\"BENEF\u00ccCIA\u200b - Prottettivo per coating e cere -LABOCOSMETICA - Labocosmeticachannel\" \/>\n<meta property=\"og:description\" content=\"BENEF\u00ccCIA\u200b &#8211; Prottettivo per coating e cere -LABOCOSMETICA BENEF\u00ccCIA\u200b \u00e8 un esaltatore auto attivante per coating, basato sulla tecnologia fluoropolimerica, che entra in azione nel momento della nebulizzazione con acqua, completando in tal modo il ciclo \u201cno touch\u201d Mafra iniziato con PRIMUS\u200b. BENEF\u00ccCIA\u200b aderisce alla superficie per lungo tempo, \u00e8 resistente agli acidi e ai [&hellip;]\" \/>\n<meta property=\"og:url\" content=\"https:\/\/devblog.mafra.it\/beneficia\u200b-prottettivo-per-coating-e-cere-labocosmetica\/\" \/>\n<meta property=\"og:site_name\" content=\"Labocosmeticachannel\" \/>\n<meta property=\"article:publisher\" content=\"https:\/\/www.facebook.com\/medlife.blog\/?ref=br_rs\" \/>\n<meta property=\"article:published_time\" content=\"2021-04-21T16:20:51+00:00\" \/>\n<meta property=\"og:image\" content=\"https:\/\/devblog.mafra.it\/wp-content\/uploads\/2021\/04\/Schermata-2021-04-08-alle-12.06.40.png\" \/>\n\t<meta property=\"og:image:width\" content=\"2252\" \/>\n\t<meta property=\"og:image:height\" content=\"1162\" \/>\n<meta name=\"twitter:card\" content=\"summary_large_image\" \/>\n<script type=\"application\/ld+json\" class=\"yoast-schema-graph\">{\"@context\":\"https:\/\/schema.org\",\"@graph\":[{\"@type\":\"Organization\",\"@id\":\"https:\/\/devblog.mafra.it\/#organization\",\"name\":\"Medlife TV\",\"url\":\"https:\/\/devblog.mafra.it\/\",\"sameAs\":[\"https:\/\/www.facebook.com\/medlife.blog\/?ref=br_rs\",\"https:\/\/www.youtube.com\/channel\/UC--PyeeKBEpbIL-W_tOHq2w\"],\"logo\":{\"@type\":\"ImageObject\",\"@id\":\"https:\/\/devblog.mafra.it\/#logo\",\"inLanguage\":\"it-IT\",\"url\":\"https:\/\/devblog.mafra.it\/wp-content\/uploads\/2018\/05\/MEDLIFE.jpg\",\"width\":565,\"height\":250,\"caption\":\"Medlife TV\"},\"image\":{\"@id\":\"https:\/\/devblog.mafra.it\/#logo\"}},{\"@type\":\"WebSite\",\"@id\":\"https:\/\/devblog.mafra.it\/#website\",\"url\":\"https:\/\/devblog.mafra.it\/\",\"name\":\"Labocosmeticachannel\",\"description\":\"\",\"publisher\":{\"@id\":\"https:\/\/devblog.mafra.it\/#organization\"},\"potentialAction\":[{\"@type\":\"SearchAction\",\"target\":\"https:\/\/devblog.mafra.it\/?s={search_term_string}\",\"query-input\":\"required name=search_term_string\"}],\"inLanguage\":\"it-IT\"},{\"@type\":\"ImageObject\",\"@id\":\"https:\/\/devblog.mafra.it\/beneficia%e2%80%8b-prottettivo-per-coating-e-cere-labocosmetica\/#primaryimage\",\"inLanguage\":\"it-IT\",\"url\":\"https:\/\/devblog.mafra.it\/wp-content\/uploads\/2021\/04\/Schermata-2021-04-08-alle-12.06.40.png\",\"width\":2252,\"height\":1162},{\"@type\":\"WebPage\",\"@id\":\"https:\/\/devblog.mafra.it\/beneficia%e2%80%8b-prottettivo-per-coating-e-cere-labocosmetica\/#webpage\",\"url\":\"https:\/\/devblog.mafra.it\/beneficia%e2%80%8b-prottettivo-per-coating-e-cere-labocosmetica\/\",\"name\":\"BENEF\\u00ccCIA\\u200b - Prottettivo per coating e cere -LABOCOSMETICA - Labocosmeticachannel\",\"isPartOf\":{\"@id\":\"https:\/\/devblog.mafra.it\/#website\"},\"primaryImageOfPage\":{\"@id\":\"https:\/\/devblog.mafra.it\/beneficia%e2%80%8b-prottettivo-per-coating-e-cere-labocosmetica\/#primaryimage\"},\"datePublished\":\"2021-04-21T16:20:51+00:00\",\"dateModified\":\"2021-04-21T16:20:51+00:00\",\"inLanguage\":\"it-IT\",\"potentialAction\":[{\"@type\":\"ReadAction\",\"target\":[\"https:\/\/devblog.mafra.it\/beneficia%e2%80%8b-prottettivo-per-coating-e-cere-labocosmetica\/\"]}]},{\"@type\":\"Article\",\"@id\":\"https:\/\/devblog.mafra.it\/beneficia%e2%80%8b-prottettivo-per-coating-e-cere-labocosmetica\/#article\",\"isPartOf\":{\"@id\":\"https:\/\/devblog.mafra.it\/beneficia%e2%80%8b-prottettivo-per-coating-e-cere-labocosmetica\/#webpage\"},\"author\":{\"@id\":\"https:\/\/devblog.mafra.it\/#\/schema\/person\/72ac74d8ee3547512152ecdaa96fb740\"},\"headline\":\"BENEF\\u00ccCIA\\u200b &#8211; Prottettivo per coating e cere -LABOCOSMETICA\",\"datePublished\":\"2021-04-21T16:20:51+00:00\",\"dateModified\":\"2021-04-21T16:20:51+00:00\",\"mainEntityOfPage\":{\"@id\":\"https:\/\/devblog.mafra.it\/beneficia%e2%80%8b-prottettivo-per-coating-e-cere-labocosmetica\/#webpage\"},\"publisher\":{\"@id\":\"https:\/\/devblog.mafra.it\/#organization\"},\"image\":{\"@id\":\"https:\/\/devblog.mafra.it\/beneficia%e2%80%8b-prottettivo-per-coating-e-cere-labocosmetica\/#primaryimage\"},\"articleSection\":\"I prodotti,La collezione\",\"inLanguage\":\"it-IT\"},{\"@type\":\"Person\",\"@id\":\"https:\/\/devblog.mafra.it\/#\/schema\/person\/72ac74d8ee3547512152ecdaa96fb740\",\"name\":\"LABOCOSMETICA\",\"image\":{\"@type\":\"ImageObject\",\"@id\":\"https:\/\/devblog.mafra.it\/#personlogo\",\"inLanguage\":\"it-IT\",\"url\":\"https:\/\/secure.gravatar.com\/avatar\/b4e6b16999193be7e88eb42e7d7da912?s=96&d=mm&r=g\",\"caption\":\"LABOCOSMETICA\"}}]}<\/script>\n<!-- \/ Yoast SEO plugin. -->","_links":{"self":[{"href":"https:\/\/devblog.mafra.it\/index.php?rest_route=\/wp\/v2\/posts\/7080"}],"collection":[{"href":"https:\/\/devblog.mafra.it\/index.php?rest_route=\/wp\/v2\/posts"}],"about":[{"href":"https:\/\/devblog.mafra.it\/index.php?rest_route=\/wp\/v2\/types\/post"}],"author":[{"embeddable":true,"href":"https:\/\/devblog.mafra.it\/index.php?rest_route=\/wp\/v2\/users\/171"}],"replies":[{"embeddable":true,"href":"https:\/\/devblog.mafra.it\/index.php?rest_route=%2Fwp%2Fv2%2Fcomments&post=7080"}],"version-history":[{"count":1,"href":"https:\/\/devblog.mafra.it\/index.php?rest_route=\/wp\/v2\/posts\/7080\/revisions"}],"predecessor-version":[{"id":7081,"href":"https:\/\/devblog.mafra.it\/index.php?rest_route=\/wp\/v2\/posts\/7080\/revisions\/7081"}],"wp:featuredmedia":[{"embeddable":true,"href":"https:\/\/devblog.mafra.it\/index.php?rest_route=\/wp\/v2\/media\/6923"}],"wp:attachment":[{"href":"https:\/\/devblog.mafra.it\/index.php?rest_route=%2Fwp%2Fv2%2Fmedia&parent=7080"}],"wp:term":[{"taxonomy":"category","embeddable":true,"href":"https:\/\/devblog.mafra.it\/index.php?rest_route=%2Fwp%2Fv2%2Fcategories&post=7080"},{"taxonomy":"post_tag","embeddable":true,"href":"https:\/\/devblog.mafra.it\/index.php?rest_route=%2Fwp%2Fv2%2Ftags&post=7080"}],"curies":[{"name":"wp","href":"https:\/\/api.w.org\/{rel}","templated":true}]}}