{"id":7082,"date":"2021-04-21T17:22:10","date_gmt":"2021-04-21T16:22:10","guid":{"rendered":"https:\/\/devblog.mafra.it\/?p=7082"},"modified":"2021-04-21T17:22:10","modified_gmt":"2021-04-21T16:22:10","slug":"revita%e2%80%8b-washcoat-labocosmetica","status":"publish","type":"post","link":"https:\/\/devblog.mafra.it\/?p=7082","title":{"rendered":"REV\u00ccTA\u200b &#8211; Wash&#038;Coat &#8211; LABOCOSMETICA"},"content":{"rendered":"<h2><strong><span style=\"color: #808080; font-size: 1.5em;\"> REV\u00ccTA\u200b &#8211; Wash&amp;Coat &#8211; LABOCOSMETICA <\/span><\/strong><\/h2>\n<p><iframe loading=\"lazy\" title=\"YouTube video player\" src=\"https:\/\/www.youtube.com\/embed\/84wGgX8jbvI\" width=\"560\" height=\"400\" frameborder=\"0\" allowfullscreen=\"allowfullscreen\"><\/iframe><\/p>\n<p>REV\u00ccTA \u00e8 uno shampoo neutro di nuova generazione \u201cWash&amp;Coat\u201d che permette di lavare, sigillare, proteggere e prolungare la vita del coating precedentemente applicato. Sulle auto non trattate, riesce a dare un gloss e una protezione, pari ai nano sigillanti, di almeno 4 mesi. Di ottima detergenza e buona lubrificazione, REV\u00ccTA aderisce e protegge in modo davvero entusiasmante, garantendo elevatissimi livelli di beading e sheeting. Il prodotto \u00e8 estremamente performante grazie all\u2019elevatissima diluizione 1:100 (bastano 30 mg per lavare e proteggere un\u2019auto di grandi dimensioni).<\/p>\n<p>REV\u00ccTA \u00e8 diverso dagli altri prodotti sul mercato perch\u00e9 \u00e8 composto da una miscela di silossani solubilizzati che creano un tenace ancoraggio sulla carrozzeria e offrono un notevole effetto protettivo (contro gli agenti atmosferici, aggressioni chimiche e persino bird drop), effetto seta e resistenza, con un\u2019ottima schiumosit\u00e0 e lubrificazione in fase di lavaggio. Pur essendo un prodotto neutro, ha un ottimo potere detergente e riesce a dissolvere e ammorbidire lo sporco. Non interferisce sui protettivi nano applicati sui vetri, non lascia aloni o striature. REV\u00ccTA \u00e8 caratterizzato dalla nostra esclusiva tecnologia \u201cI Forgive You\u201d: se dopo il risciacquo appaiono aloni dovuti a un errato uso dovuto a condizioni estreme di applicazione (presenza di sole, macchina calda), potranno essere facilmente risolti tramite l\u2019applicazione del nostro quick detailer. REV\u00ccTA \u00e8 stato ricercato, sviluppato e testato approfonditamente nei laboratori Mafra in collaborazione del lancio di nuovi modelli realizzati dai pi\u00f9 prestigiosi costruttori mondiali di auto sportive.<\/p>\n<p><strong>Buona visione!<\/strong><br \/>\n<span style=\"text-decoration: underline; color: #00205b; font-size: 1.3em; line-height: 3;\"><strong><span class=\"style-scope yt-formatted-string\" dir=\"auto\">Scopri tutta la linea Labocosmetica<\/span><\/strong><\/span><\/p>\n<p><a style=\"background-color: #00205b; color: #fff!important; padding: 10px 10px; border-radius: 8px; display: inline-block;\" href=\"https:\/\/www.labocosmetica.it\/\" target=\"_blank\" rel=\"noopener noreferrer\"> ACQUISTA SU LABOCOSMETICA<\/a><a style=\"margin-left: 10px; text-decoration: none; background-color: #b3b3b3; color: #fff!important; padding: 10px 10px; border-radius: 8px; display: inline-block;\" href=\"https:\/\/www.labocosmetica.it\/blog\/\" target=\"_blank\" rel=\"noopener noreferrer\">SEGUI IL NOSTRO BLOG<\/a><\/p>\n<p>&nbsp;<\/p>\n<h3 style=\"margin-top: 20px;\">Seguici sui nostri canali<\/h3>\n<p><a href=\"https:\/\/www.facebook.com\/labocosmeticaofficial\" target=\"_blank\" rel=\"noopener noreferrer\"><img decoding=\"async\" class=\"aligncenter\" style=\"width: 40px; height: 40px; display: inline-block; margin-right: 8px; margin-left: 5px;\" src=\"https:\/\/devblog.mafra.it\/wp-content\/uploads\/2020\/12\/logo_facebook-1.png\" alt=\"facebook\" \/><\/a><a href=\"https:\/\/www.instagram.com\/labocosmetica_official\/?hl=it\" target=\"_blank\" rel=\"noopener noreferrer\"><img decoding=\"async\" class=\"alignnone\" style=\"width: 40px; height: 40px; display: inline-block; margin-right: 8px; margin-left: 5px;\" src=\"https:\/\/devblog.mafra.it\/wp-content\/uploads\/2020\/12\/instagram.png\" alt=\"instagram\" \/><\/a><a href=\"https:\/\/www.youtube.com\/channel\/UCzbVOYDVeZYMZY-DeMxcAaA\" target=\"_blank\" rel=\"noopener noreferrer\"><img decoding=\"async\" style=\"width: 40px; height: 40px; display: inline-block; margin-right: 8px; margin-left: 5px;\" src=\"https:\/\/devblog.mafra.it\/wp-content\/uploads\/2020\/12\/youtube-logotype.png\" alt=\"youtube\" \/><\/a><a href=\"https:\/\/www.pinterest.it\/labocosmetica\/_created\/\" target=\"_blank\" rel=\"noopener noreferrer\"><img decoding=\"async\" style=\"width: 40px; height: 40px; display: inline-block; margin-right: 8px; margin-left: 5px;\" src=\"https:\/\/devblog.mafra.it\/wp-content\/uploads\/2020\/12\/p.png\" alt=\"Pinterest\" \/><\/a><\/p>\n","protected":false},"excerpt":{"rendered":"<p>REV\u00ccTA\u200b &#8211; Wash&amp;Coat &#8211; LABOCOSMETICA REV\u00ccTA \u00e8 uno shampoo neutro di nuova generazione \u201cWash&amp;Coat\u201d che permette di lavare, sigillare, proteggere e prolungare la vita del coating precedentemente applicato. Sulle auto non trattate, riesce a dare un gloss e una protezione, pari ai nano sigillanti, di almeno 4 mesi. Di ottima detergenza e buona lubrificazione, REV\u00ccTA [&hellip;]<\/p>\n","protected":false},"author":171,"featured_media":6923,"comment_status":"closed","ping_status":"open","sticky":false,"template":"","format":"standard","meta":{"footnotes":""},"categories":[985,963],"tags":[],"class_list":["post-7082","post","type-post","status-publish","format-standard","has-post-thumbnail","hentry","category-prodotti","category-collezione"],"yoast_head":"<!-- This site is optimized with the Yoast SEO plugin v15.0 - https:\/\/yoast.com\/wordpress\/plugins\/seo\/ -->\n<title>REV\u00ccTA\u200b - Wash&amp;Coat - LABOCOSMETICA - Labocosmeticachannel<\/title>\n<meta name=\"robots\" content=\"index, follow, max-snippet:-1, max-image-preview:large, max-video-preview:-1\" \/>\n<link rel=\"canonical\" href=\"https:\/\/devblog.mafra.it\/revita\u200b-washcoat-labocosmetica\/\" \/>\n<meta property=\"og:locale\" content=\"it_IT\" \/>\n<meta property=\"og:type\" content=\"article\" \/>\n<meta property=\"og:title\" content=\"REV\u00ccTA\u200b - Wash&amp;Coat - LABOCOSMETICA - Labocosmeticachannel\" \/>\n<meta property=\"og:description\" content=\"REV\u00ccTA\u200b &#8211; Wash&amp;Coat &#8211; LABOCOSMETICA REV\u00ccTA \u00e8 uno shampoo neutro di nuova generazione \u201cWash&amp;Coat\u201d che permette di lavare, sigillare, proteggere e prolungare la vita del coating precedentemente applicato. Sulle auto non trattate, riesce a dare un gloss e una protezione, pari ai nano sigillanti, di almeno 4 mesi. Di ottima detergenza e buona lubrificazione, REV\u00ccTA [&hellip;]\" \/>\n<meta property=\"og:url\" content=\"https:\/\/devblog.mafra.it\/revita\u200b-washcoat-labocosmetica\/\" \/>\n<meta property=\"og:site_name\" content=\"Labocosmeticachannel\" \/>\n<meta property=\"article:publisher\" content=\"https:\/\/www.facebook.com\/medlife.blog\/?ref=br_rs\" \/>\n<meta property=\"article:published_time\" content=\"2021-04-21T16:22:10+00:00\" \/>\n<meta property=\"og:image\" content=\"https:\/\/devblog.mafra.it\/wp-content\/uploads\/2021\/04\/Schermata-2021-04-08-alle-12.06.40.png\" \/>\n\t<meta property=\"og:image:width\" content=\"2252\" \/>\n\t<meta property=\"og:image:height\" content=\"1162\" \/>\n<meta name=\"twitter:card\" content=\"summary_large_image\" \/>\n<script type=\"application\/ld+json\" class=\"yoast-schema-graph\">{\"@context\":\"https:\/\/schema.org\",\"@graph\":[{\"@type\":\"Organization\",\"@id\":\"https:\/\/devblog.mafra.it\/#organization\",\"name\":\"Medlife TV\",\"url\":\"https:\/\/devblog.mafra.it\/\",\"sameAs\":[\"https:\/\/www.facebook.com\/medlife.blog\/?ref=br_rs\",\"https:\/\/www.youtube.com\/channel\/UC--PyeeKBEpbIL-W_tOHq2w\"],\"logo\":{\"@type\":\"ImageObject\",\"@id\":\"https:\/\/devblog.mafra.it\/#logo\",\"inLanguage\":\"it-IT\",\"url\":\"https:\/\/devblog.mafra.it\/wp-content\/uploads\/2018\/05\/MEDLIFE.jpg\",\"width\":565,\"height\":250,\"caption\":\"Medlife TV\"},\"image\":{\"@id\":\"https:\/\/devblog.mafra.it\/#logo\"}},{\"@type\":\"WebSite\",\"@id\":\"https:\/\/devblog.mafra.it\/#website\",\"url\":\"https:\/\/devblog.mafra.it\/\",\"name\":\"Labocosmeticachannel\",\"description\":\"\",\"publisher\":{\"@id\":\"https:\/\/devblog.mafra.it\/#organization\"},\"potentialAction\":[{\"@type\":\"SearchAction\",\"target\":\"https:\/\/devblog.mafra.it\/?s={search_term_string}\",\"query-input\":\"required name=search_term_string\"}],\"inLanguage\":\"it-IT\"},{\"@type\":\"ImageObject\",\"@id\":\"https:\/\/devblog.mafra.it\/revita%e2%80%8b-washcoat-labocosmetica\/#primaryimage\",\"inLanguage\":\"it-IT\",\"url\":\"https:\/\/devblog.mafra.it\/wp-content\/uploads\/2021\/04\/Schermata-2021-04-08-alle-12.06.40.png\",\"width\":2252,\"height\":1162},{\"@type\":\"WebPage\",\"@id\":\"https:\/\/devblog.mafra.it\/revita%e2%80%8b-washcoat-labocosmetica\/#webpage\",\"url\":\"https:\/\/devblog.mafra.it\/revita%e2%80%8b-washcoat-labocosmetica\/\",\"name\":\"REV\\u00ccTA\\u200b - Wash&Coat - LABOCOSMETICA - Labocosmeticachannel\",\"isPartOf\":{\"@id\":\"https:\/\/devblog.mafra.it\/#website\"},\"primaryImageOfPage\":{\"@id\":\"https:\/\/devblog.mafra.it\/revita%e2%80%8b-washcoat-labocosmetica\/#primaryimage\"},\"datePublished\":\"2021-04-21T16:22:10+00:00\",\"dateModified\":\"2021-04-21T16:22:10+00:00\",\"inLanguage\":\"it-IT\",\"potentialAction\":[{\"@type\":\"ReadAction\",\"target\":[\"https:\/\/devblog.mafra.it\/revita%e2%80%8b-washcoat-labocosmetica\/\"]}]},{\"@type\":\"Article\",\"@id\":\"https:\/\/devblog.mafra.it\/revita%e2%80%8b-washcoat-labocosmetica\/#article\",\"isPartOf\":{\"@id\":\"https:\/\/devblog.mafra.it\/revita%e2%80%8b-washcoat-labocosmetica\/#webpage\"},\"author\":{\"@id\":\"https:\/\/devblog.mafra.it\/#\/schema\/person\/72ac74d8ee3547512152ecdaa96fb740\"},\"headline\":\"REV\\u00ccTA\\u200b &#8211; Wash&#038;Coat &#8211; LABOCOSMETICA\",\"datePublished\":\"2021-04-21T16:22:10+00:00\",\"dateModified\":\"2021-04-21T16:22:10+00:00\",\"mainEntityOfPage\":{\"@id\":\"https:\/\/devblog.mafra.it\/revita%e2%80%8b-washcoat-labocosmetica\/#webpage\"},\"publisher\":{\"@id\":\"https:\/\/devblog.mafra.it\/#organization\"},\"image\":{\"@id\":\"https:\/\/devblog.mafra.it\/revita%e2%80%8b-washcoat-labocosmetica\/#primaryimage\"},\"articleSection\":\"I prodotti,La collezione\",\"inLanguage\":\"it-IT\"},{\"@type\":\"Person\",\"@id\":\"https:\/\/devblog.mafra.it\/#\/schema\/person\/72ac74d8ee3547512152ecdaa96fb740\",\"name\":\"LABOCOSMETICA\",\"image\":{\"@type\":\"ImageObject\",\"@id\":\"https:\/\/devblog.mafra.it\/#personlogo\",\"inLanguage\":\"it-IT\",\"url\":\"https:\/\/secure.gravatar.com\/avatar\/b4e6b16999193be7e88eb42e7d7da912?s=96&d=mm&r=g\",\"caption\":\"LABOCOSMETICA\"}}]}<\/script>\n<!-- \/ Yoast SEO plugin. -->","_links":{"self":[{"href":"https:\/\/devblog.mafra.it\/index.php?rest_route=\/wp\/v2\/posts\/7082"}],"collection":[{"href":"https:\/\/devblog.mafra.it\/index.php?rest_route=\/wp\/v2\/posts"}],"about":[{"href":"https:\/\/devblog.mafra.it\/index.php?rest_route=\/wp\/v2\/types\/post"}],"author":[{"embeddable":true,"href":"https:\/\/devblog.mafra.it\/index.php?rest_route=\/wp\/v2\/users\/171"}],"replies":[{"embeddable":true,"href":"https:\/\/devblog.mafra.it\/index.php?rest_route=%2Fwp%2Fv2%2Fcomments&post=7082"}],"version-history":[{"count":1,"href":"https:\/\/devblog.mafra.it\/index.php?rest_route=\/wp\/v2\/posts\/7082\/revisions"}],"predecessor-version":[{"id":7083,"href":"https:\/\/devblog.mafra.it\/index.php?rest_route=\/wp\/v2\/posts\/7082\/revisions\/7083"}],"wp:featuredmedia":[{"embeddable":true,"href":"https:\/\/devblog.mafra.it\/index.php?rest_route=\/wp\/v2\/media\/6923"}],"wp:attachment":[{"href":"https:\/\/devblog.mafra.it\/index.php?rest_route=%2Fwp%2Fv2%2Fmedia&parent=7082"}],"wp:term":[{"taxonomy":"category","embeddable":true,"href":"https:\/\/devblog.mafra.it\/index.php?rest_route=%2Fwp%2Fv2%2Fcategories&post=7082"},{"taxonomy":"post_tag","embeddable":true,"href":"https:\/\/devblog.mafra.it\/index.php?rest_route=%2Fwp%2Fv2%2Ftags&post=7082"}],"curies":[{"name":"wp","href":"https:\/\/api.w.org\/{rel}","templated":true}]}}