{"id":7160,"date":"2021-05-17T08:52:10","date_gmt":"2021-05-17T07:52:10","guid":{"rendered":"https:\/\/devblog.mafra.it\/?p=7160"},"modified":"2021-05-17T08:52:10","modified_gmt":"2021-05-17T07:52:10","slug":"motor-bike-expo-2018-a-verona-labocosmetica-presente-allappuntamento","status":"publish","type":"post","link":"https:\/\/devblog.mafra.it\/?p=7160","title":{"rendered":"Motor Bike Expo 2018 a Verona. Labocosmetica presente all&#8217;appuntamento!"},"content":{"rendered":"<h2><strong><span style=\"color: #808080; font-size: 1.5em;\"> Motor Bike Expo 2018 a Verona. Labocosmetica presente all&#8217;appuntamento! <\/span><\/strong><\/h2>\n<p><iframe loading=\"lazy\" title=\"YouTube video player\" src=\"https:\/\/www.youtube.com\/embed\/tw-rNtZYQ7A\" width=\"560\" height=\"400\" frameborder=\"0\" allowfullscreen=\"allowfullscreen\"><\/iframe><\/p>\n<p>Motor Bike Expo ha chiuso con oltre 160mila visitatori in fiera a Verona. Molte le novit\u00e0 di questa edizione, del debutto dell\u2019Mbe Award che ha premiato la moto special pi\u00f9 bella, al contest &#8220;The Art of Kustom&#8221;, sfida tra i pi\u00f9 bravi decoratori di caschi, fino al debutto del campionato italiano di trial indoor. Si \u00e8 consolidato quindi il successo della rassegna, merito di un format che negli anni si \u00e8 sviluppato continuamente e che ora abbraccia in modo trasversale e completo tutto il panorama che fa riferimento alle due ruote a motore, tra sport, show, turismo, formazione e sicurezza.\u201c<\/p>\n<p>Labocosmetica non poteva mancare a questo evento portando la sua linea d&#8217;elite, inoltre Perfecta il Quick Detailer ha aiutato molti espositori per mantenere le loro due ruote con un ottima eccellenza di brillantezza, effetto set\u00e0 e protezione.<\/p>\n<p><strong>Buona visione! <\/strong><\/p>\n<p><span style=\"text-decoration: underline; color: #00205b; font-size: 1.3em; line-height: 3;\"><strong><span class=\"style-scope yt-formatted-string\" dir=\"auto\">Scopri tutta la linea Labocosmetica<\/span><\/strong><\/span><\/p>\n<p><a style=\"background-color: #00205b; color: #fff!important; padding: 10px 10px; border-radius: 8px; display: inline-block;\" href=\"https:\/\/www.labocosmetica.it\/\" target=\"_blank\" rel=\"noopener noreferrer\"> ACQUISTA SU LABOCOSMETICA<\/a><a style=\"margin-left: 10px; text-decoration: none; background-color: #b3b3b3; color: #fff!important; padding: 10px 10px; border-radius: 8px; display: inline-block;\" href=\"https:\/\/www.labocosmetica.it\/blog\/\" target=\"_blank\" rel=\"noopener noreferrer\">SEGUI IL NOSTRO BLOG<\/a><\/p>\n<p>&nbsp;<\/p>\n<h3 style=\"margin-top: 20px;\">Seguici sui nostri canali<\/h3>\n<p><a href=\"https:\/\/www.facebook.com\/labocosmeticaofficial\" target=\"_blank\" rel=\"noopener noreferrer\"><img decoding=\"async\" class=\"aligncenter\" style=\"width: 40px; height: 40px; display: inline-block; margin-right: 8px; margin-left: 5px;\" src=\"https:\/\/devblog.mafra.it\/wp-content\/uploads\/2020\/12\/logo_facebook-1.png\" alt=\"facebook\" \/><\/a><a href=\"https:\/\/www.instagram.com\/labocosmetica_official\/?hl=it\" target=\"_blank\" rel=\"noopener noreferrer\"><img decoding=\"async\" class=\"alignnone\" style=\"width: 40px; height: 40px; display: inline-block; margin-right: 8px; margin-left: 5px;\" src=\"https:\/\/devblog.mafra.it\/wp-content\/uploads\/2020\/12\/instagram.png\" alt=\"instagram\" \/><\/a><a href=\"https:\/\/www.youtube.com\/channel\/UCzbVOYDVeZYMZY-DeMxcAaA\" target=\"_blank\" rel=\"noopener noreferrer\"><img decoding=\"async\" style=\"width: 40px; height: 40px; display: inline-block; margin-right: 8px; margin-left: 5px;\" src=\"https:\/\/devblog.mafra.it\/wp-content\/uploads\/2020\/12\/youtube-logotype.png\" alt=\"youtube\" \/><\/a><a href=\"https:\/\/www.pinterest.it\/labocosmetica\/_created\/\" target=\"_blank\" rel=\"noopener noreferrer\"><img decoding=\"async\" style=\"width: 40px; height: 40px; display: inline-block; margin-right: 8px; margin-left: 5px;\" src=\"https:\/\/devblog.mafra.it\/wp-content\/uploads\/2020\/12\/p.png\" alt=\"Pinterest\" \/><\/a><\/p>\n","protected":false},"excerpt":{"rendered":"<p>Motor Bike Expo 2018 a Verona. Labocosmetica presente all&#8217;appuntamento! Motor Bike Expo ha chiuso con oltre 160mila visitatori in fiera a Verona. Molte le novit\u00e0 di questa edizione, del debutto dell\u2019Mbe Award che ha premiato la moto special pi\u00f9 bella, al contest &#8220;The Art of Kustom&#8221;, sfida tra i pi\u00f9 bravi decoratori di caschi, fino [&hellip;]<\/p>\n","protected":false},"author":171,"featured_media":6923,"comment_status":"closed","ping_status":"open","sticky":false,"template":"","format":"standard","meta":{"footnotes":""},"categories":[977],"tags":[],"class_list":["post-7160","post","type-post","status-publish","format-standard","has-post-thumbnail","hentry","category-eventi"],"yoast_head":"<!-- This site is optimized with the Yoast SEO plugin v15.0 - https:\/\/yoast.com\/wordpress\/plugins\/seo\/ -->\n<title>Motor Bike Expo 2018 a Verona. Labocosmetica presente all&#039;appuntamento! - Labocosmeticachannel<\/title>\n<meta name=\"robots\" content=\"index, follow, max-snippet:-1, max-image-preview:large, max-video-preview:-1\" \/>\n<link rel=\"canonical\" href=\"https:\/\/devblog.mafra.it\/motor-bike-expo-2018-a-verona-labocosmetica-presente-allappuntamento\/\" \/>\n<meta property=\"og:locale\" content=\"it_IT\" \/>\n<meta property=\"og:type\" content=\"article\" \/>\n<meta property=\"og:title\" content=\"Motor Bike Expo 2018 a Verona. Labocosmetica presente all&#039;appuntamento! - Labocosmeticachannel\" \/>\n<meta property=\"og:description\" content=\"Motor Bike Expo 2018 a Verona. Labocosmetica presente all&#8217;appuntamento! Motor Bike Expo ha chiuso con oltre 160mila visitatori in fiera a Verona. Molte le novit\u00e0 di questa edizione, del debutto dell\u2019Mbe Award che ha premiato la moto special pi\u00f9 bella, al contest &#8220;The Art of Kustom&#8221;, sfida tra i pi\u00f9 bravi decoratori di caschi, fino [&hellip;]\" \/>\n<meta property=\"og:url\" content=\"https:\/\/devblog.mafra.it\/motor-bike-expo-2018-a-verona-labocosmetica-presente-allappuntamento\/\" \/>\n<meta property=\"og:site_name\" content=\"Labocosmeticachannel\" \/>\n<meta property=\"article:publisher\" content=\"https:\/\/www.facebook.com\/medlife.blog\/?ref=br_rs\" \/>\n<meta property=\"article:published_time\" content=\"2021-05-17T07:52:10+00:00\" \/>\n<meta property=\"og:image\" content=\"https:\/\/devblog.mafra.it\/wp-content\/uploads\/2021\/04\/Schermata-2021-04-08-alle-12.06.40.png\" \/>\n\t<meta property=\"og:image:width\" content=\"2252\" \/>\n\t<meta property=\"og:image:height\" content=\"1162\" \/>\n<meta name=\"twitter:card\" content=\"summary_large_image\" \/>\n<script type=\"application\/ld+json\" class=\"yoast-schema-graph\">{\"@context\":\"https:\/\/schema.org\",\"@graph\":[{\"@type\":\"Organization\",\"@id\":\"https:\/\/devblog.mafra.it\/#organization\",\"name\":\"Medlife TV\",\"url\":\"https:\/\/devblog.mafra.it\/\",\"sameAs\":[\"https:\/\/www.facebook.com\/medlife.blog\/?ref=br_rs\",\"https:\/\/www.youtube.com\/channel\/UC--PyeeKBEpbIL-W_tOHq2w\"],\"logo\":{\"@type\":\"ImageObject\",\"@id\":\"https:\/\/devblog.mafra.it\/#logo\",\"inLanguage\":\"it-IT\",\"url\":\"https:\/\/devblog.mafra.it\/wp-content\/uploads\/2018\/05\/MEDLIFE.jpg\",\"width\":565,\"height\":250,\"caption\":\"Medlife TV\"},\"image\":{\"@id\":\"https:\/\/devblog.mafra.it\/#logo\"}},{\"@type\":\"WebSite\",\"@id\":\"https:\/\/devblog.mafra.it\/#website\",\"url\":\"https:\/\/devblog.mafra.it\/\",\"name\":\"Labocosmeticachannel\",\"description\":\"\",\"publisher\":{\"@id\":\"https:\/\/devblog.mafra.it\/#organization\"},\"potentialAction\":[{\"@type\":\"SearchAction\",\"target\":\"https:\/\/devblog.mafra.it\/?s={search_term_string}\",\"query-input\":\"required name=search_term_string\"}],\"inLanguage\":\"it-IT\"},{\"@type\":\"ImageObject\",\"@id\":\"https:\/\/devblog.mafra.it\/motor-bike-expo-2018-a-verona-labocosmetica-presente-allappuntamento\/#primaryimage\",\"inLanguage\":\"it-IT\",\"url\":\"https:\/\/devblog.mafra.it\/wp-content\/uploads\/2021\/04\/Schermata-2021-04-08-alle-12.06.40.png\",\"width\":2252,\"height\":1162},{\"@type\":\"WebPage\",\"@id\":\"https:\/\/devblog.mafra.it\/motor-bike-expo-2018-a-verona-labocosmetica-presente-allappuntamento\/#webpage\",\"url\":\"https:\/\/devblog.mafra.it\/motor-bike-expo-2018-a-verona-labocosmetica-presente-allappuntamento\/\",\"name\":\"Motor Bike Expo 2018 a Verona. Labocosmetica presente all'appuntamento! - Labocosmeticachannel\",\"isPartOf\":{\"@id\":\"https:\/\/devblog.mafra.it\/#website\"},\"primaryImageOfPage\":{\"@id\":\"https:\/\/devblog.mafra.it\/motor-bike-expo-2018-a-verona-labocosmetica-presente-allappuntamento\/#primaryimage\"},\"datePublished\":\"2021-05-17T07:52:10+00:00\",\"dateModified\":\"2021-05-17T07:52:10+00:00\",\"inLanguage\":\"it-IT\",\"potentialAction\":[{\"@type\":\"ReadAction\",\"target\":[\"https:\/\/devblog.mafra.it\/motor-bike-expo-2018-a-verona-labocosmetica-presente-allappuntamento\/\"]}]},{\"@type\":\"Article\",\"@id\":\"https:\/\/devblog.mafra.it\/motor-bike-expo-2018-a-verona-labocosmetica-presente-allappuntamento\/#article\",\"isPartOf\":{\"@id\":\"https:\/\/devblog.mafra.it\/motor-bike-expo-2018-a-verona-labocosmetica-presente-allappuntamento\/#webpage\"},\"author\":{\"@id\":\"https:\/\/devblog.mafra.it\/#\/schema\/person\/72ac74d8ee3547512152ecdaa96fb740\"},\"headline\":\"Motor Bike Expo 2018 a Verona. Labocosmetica presente all&#8217;appuntamento!\",\"datePublished\":\"2021-05-17T07:52:10+00:00\",\"dateModified\":\"2021-05-17T07:52:10+00:00\",\"mainEntityOfPage\":{\"@id\":\"https:\/\/devblog.mafra.it\/motor-bike-expo-2018-a-verona-labocosmetica-presente-allappuntamento\/#webpage\"},\"publisher\":{\"@id\":\"https:\/\/devblog.mafra.it\/#organization\"},\"image\":{\"@id\":\"https:\/\/devblog.mafra.it\/motor-bike-expo-2018-a-verona-labocosmetica-presente-allappuntamento\/#primaryimage\"},\"articleSection\":\"Gli Eventi\",\"inLanguage\":\"it-IT\"},{\"@type\":\"Person\",\"@id\":\"https:\/\/devblog.mafra.it\/#\/schema\/person\/72ac74d8ee3547512152ecdaa96fb740\",\"name\":\"LABOCOSMETICA\",\"image\":{\"@type\":\"ImageObject\",\"@id\":\"https:\/\/devblog.mafra.it\/#personlogo\",\"inLanguage\":\"it-IT\",\"url\":\"https:\/\/secure.gravatar.com\/avatar\/b4e6b16999193be7e88eb42e7d7da912?s=96&d=mm&r=g\",\"caption\":\"LABOCOSMETICA\"}}]}<\/script>\n<!-- \/ Yoast SEO plugin. -->","_links":{"self":[{"href":"https:\/\/devblog.mafra.it\/index.php?rest_route=\/wp\/v2\/posts\/7160"}],"collection":[{"href":"https:\/\/devblog.mafra.it\/index.php?rest_route=\/wp\/v2\/posts"}],"about":[{"href":"https:\/\/devblog.mafra.it\/index.php?rest_route=\/wp\/v2\/types\/post"}],"author":[{"embeddable":true,"href":"https:\/\/devblog.mafra.it\/index.php?rest_route=\/wp\/v2\/users\/171"}],"replies":[{"embeddable":true,"href":"https:\/\/devblog.mafra.it\/index.php?rest_route=%2Fwp%2Fv2%2Fcomments&post=7160"}],"version-history":[{"count":1,"href":"https:\/\/devblog.mafra.it\/index.php?rest_route=\/wp\/v2\/posts\/7160\/revisions"}],"predecessor-version":[{"id":7161,"href":"https:\/\/devblog.mafra.it\/index.php?rest_route=\/wp\/v2\/posts\/7160\/revisions\/7161"}],"wp:featuredmedia":[{"embeddable":true,"href":"https:\/\/devblog.mafra.it\/index.php?rest_route=\/wp\/v2\/media\/6923"}],"wp:attachment":[{"href":"https:\/\/devblog.mafra.it\/index.php?rest_route=%2Fwp%2Fv2%2Fmedia&parent=7160"}],"wp:term":[{"taxonomy":"category","embeddable":true,"href":"https:\/\/devblog.mafra.it\/index.php?rest_route=%2Fwp%2Fv2%2Fcategories&post=7160"},{"taxonomy":"post_tag","embeddable":true,"href":"https:\/\/devblog.mafra.it\/index.php?rest_route=%2Fwp%2Fv2%2Ftags&post=7160"}],"curies":[{"name":"wp","href":"https:\/\/api.w.org\/{rel}","templated":true}]}}