{"id":7181,"date":"2021-05-17T09:50:31","date_gmt":"2021-05-17T08:50:31","guid":{"rendered":"https:\/\/devblog.mafra.it\/?p=7181"},"modified":"2023-02-14T12:03:37","modified_gmt":"2023-02-14T11:03:37","slug":"labocosmetica-torna-sulle-strade-di-andermatt-come-partner-ufficiale-di-supercar-owners-circle-2019","status":"publish","type":"post","link":"https:\/\/devblog.mafra.it\/?p=7181","title":{"rendered":"Labocosmetica torna sulle strade di Andermatt come partner ufficiale di Supercar Owners Circle 2019"},"content":{"rendered":"<h2><strong><span style=\"color: #808080; font-size: 1.5em;\"> Labocosmetica torna sulle strade di Andermatt come partner ufficiale di Supercar Owners Circle 2019 <\/span><\/strong><\/h2>\n<p><iframe loading=\"lazy\" title=\"YouTube video player\" src=\"https:\/\/www.youtube.com\/embed\/y_VzgdKewbA\" width=\"560\" height=\"400\" frameborder=\"0\" allowfullscreen=\"allowfullscreen\"><\/iframe><\/p>\n<p>Dal 30 agosto al 1\u00b0 settembre scorsi, i soci del Supercar Owners Circle si sono dati appuntamento ad Andermatt, nel cuore delle Alpi Svizzere, per sfidarsi alla guida delle loro super car del valore medio di oltre 1 milione di euro: Labocosmetica \u00e8 stata scelta per prendersi cura di queste vetture esclusive!<\/p>\n<p>I pi\u00f9 audaci e prestigiosi collezionisti di supercar al mondo si sono dati appuntamento ad Andermatt, in Svizzera, per la quinta edizione del SOC Weekend. L\u2019appuntamento ormai divenuto imprescindibile per stimatori e connoisseur d\u2019auto, organizzato da Supercar Owners Circle (SOC), il club automobilistico pi\u00f9 esclusivo al mondo.<\/p>\n<p>Oltre 80 supercar del passato e del presente si sono radunate per una tre giorni all\u2019insegna della velocit\u00e0, dell\u2019adrenalina e del lusso. I partecipanti hanno avuto l\u2019occasione di guidare la propria special car attraverso il Furkapass prima e quindi il Gotthard Pass, per poi testare i propri \u201chigh-speed limits\u201d nella pista di decollo dell\u2019aeroporto di Ambr\u00ec.<\/p>\n<p>Labocosmetica \u00e8 stata scelta come partner ufficiale del SOC e la nostra squadra di detailer professionisti ha avuto il delicato compito di prendersi cura di queste splendide auto, del valore medio di oltre 1 milione di euro. Per noi, questo \u00e8 sicuramente un grande onore e un privilegio, ma \u00e8 anche un riconoscimento della qualit\u00e0 della linea Labocosmetica dedicata al car detailing, tutti prodotti sviluppati nei nostri laboratori ed esclusivamente Made in Italy.<\/p>\n<p>Le vetture hanno anche affrontato le impegnative strade dell\u2019Oberalp Pass, per l\u2019occasione chiuse al pubblico, per poi esibirsi in una parata lungo la diga del Lucomagno.<\/p>\n<p><strong>Buona visione! <\/strong><\/p>\n<p><span style=\"text-decoration: underline; color: #00205b; font-size: 1.3em; line-height: 3;\"><strong><span class=\"style-scope yt-formatted-string\" dir=\"auto\">Scopri tutta la linea Labocosmetica<\/span><\/strong><\/span><\/p>\n<p><a style=\"background-color: #00205b; color: #fff!important; padding: 10px 10px; border-radius: 8px; display: inline-block;\" href=\"https:\/\/www.labocosmetica.it\/\" target=\"_blank\" rel=\"noopener noreferrer\"> ACQUISTA SU LABOCOSMETICA<\/a><a style=\"margin-left: 10px; text-decoration: none; background-color: #b3b3b3; color: #fff!important; padding: 10px 10px; border-radius: 8px; display: inline-block;\" href=\"https:\/\/www.labocosmetica.it\/blog\/\" target=\"_blank\" rel=\"noopener noreferrer\">SEGUI IL NOSTRO BLOG<\/a><\/p>\n<p>&nbsp;<\/p>\n<h3 style=\"margin-top: 20px;\">Seguici sui nostri canali<\/h3>\n<p><a href=\"https:\/\/www.facebook.com\/labocosmeticaofficial\" target=\"_blank\" rel=\"noopener noreferrer\"><img decoding=\"async\" class=\"aligncenter\" style=\"width: 40px; height: 40px; display: inline-block; margin-right: 8px; margin-left: 5px;\" src=\"https:\/\/devblog.mafra.it\/wp-content\/uploads\/2020\/12\/logo_facebook-1.png\" alt=\"facebook\" \/><\/a><a href=\"https:\/\/www.instagram.com\/labocosmetica_official\/?hl=it\" target=\"_blank\" rel=\"noopener noreferrer\"><img decoding=\"async\" class=\"alignnone\" style=\"width: 40px; height: 40px; display: inline-block; margin-right: 8px; margin-left: 5px;\" src=\"https:\/\/devblog.mafra.it\/wp-content\/uploads\/2020\/12\/instagram.png\" alt=\"instagram\" \/><\/a><a href=\"https:\/\/www.youtube.com\/channel\/UCzbVOYDVeZYMZY-DeMxcAaA\" target=\"_blank\" rel=\"noopener noreferrer\"><img decoding=\"async\" style=\"width: 40px; height: 40px; display: inline-block; margin-right: 8px; margin-left: 5px;\" src=\"https:\/\/devblog.mafra.it\/wp-content\/uploads\/2020\/12\/youtube-logotype.png\" alt=\"youtube\" \/><\/a><a href=\"https:\/\/www.pinterest.it\/labocosmetica\/_created\/\" target=\"_blank\" rel=\"noopener noreferrer\"><img decoding=\"async\" style=\"width: 40px; height: 40px; display: inline-block; margin-right: 8px; margin-left: 5px;\" src=\"https:\/\/devblog.mafra.it\/wp-content\/uploads\/2020\/12\/p.png\" alt=\"Pinterest\" \/><\/a><\/p>\n","protected":false},"excerpt":{"rendered":"<p>Labocosmetica torna sulle strade di Andermatt come partner ufficiale di Supercar Owners Circle 2019 Dal 30 agosto al 1\u00b0 settembre scorsi, i soci del Supercar Owners Circle si sono dati appuntamento ad Andermatt, nel cuore delle Alpi Svizzere, per sfidarsi alla guida delle loro super car del valore medio di oltre 1 milione di euro: [&hellip;]<\/p>\n","protected":false},"author":171,"featured_media":7493,"comment_status":"closed","ping_status":"open","sticky":false,"template":"","format":"standard","meta":{"footnotes":""},"categories":[977],"tags":[],"class_list":["post-7181","post","type-post","status-publish","format-standard","has-post-thumbnail","hentry","category-eventi"],"yoast_head":"<!-- This site is optimized with the Yoast SEO plugin v15.0 - https:\/\/yoast.com\/wordpress\/plugins\/seo\/ -->\n<title>Labocosmetica torna sulle strade di Andermatt come partner ufficiale di Supercar Owners Circle 2019 - Labocosmeticachannel<\/title>\n<meta name=\"robots\" content=\"index, follow, max-snippet:-1, max-image-preview:large, max-video-preview:-1\" \/>\n<link rel=\"canonical\" href=\"https:\/\/devblog.mafra.it\/labocosmetica-torna-sulle-strade-di-andermatt-come-partner-ufficiale-di-supercar-owners-circle-2019\/\" \/>\n<meta property=\"og:locale\" content=\"it_IT\" \/>\n<meta property=\"og:type\" content=\"article\" \/>\n<meta property=\"og:title\" content=\"Labocosmetica torna sulle strade di Andermatt come partner ufficiale di Supercar Owners Circle 2019 - Labocosmeticachannel\" \/>\n<meta property=\"og:description\" content=\"Labocosmetica torna sulle strade di Andermatt come partner ufficiale di Supercar Owners Circle 2019 Dal 30 agosto al 1\u00b0 settembre scorsi, i soci del Supercar Owners Circle si sono dati appuntamento ad Andermatt, nel cuore delle Alpi Svizzere, per sfidarsi alla guida delle loro super car del valore medio di oltre 1 milione di euro: [&hellip;]\" \/>\n<meta property=\"og:url\" content=\"https:\/\/devblog.mafra.it\/labocosmetica-torna-sulle-strade-di-andermatt-come-partner-ufficiale-di-supercar-owners-circle-2019\/\" \/>\n<meta property=\"og:site_name\" content=\"Labocosmeticachannel\" \/>\n<meta property=\"article:publisher\" content=\"https:\/\/www.facebook.com\/medlife.blog\/?ref=br_rs\" \/>\n<meta property=\"article:published_time\" content=\"2021-05-17T08:50:31+00:00\" \/>\n<meta property=\"article:modified_time\" content=\"2023-02-14T11:03:37+00:00\" \/>\n<meta property=\"og:image\" content=\"https:\/\/devblog.mafra.it\/wp-content\/uploads\/2021\/05\/maxresdefault-51.jpg\" \/>\n\t<meta property=\"og:image:width\" content=\"1280\" \/>\n\t<meta property=\"og:image:height\" content=\"720\" \/>\n<meta name=\"twitter:card\" content=\"summary_large_image\" \/>\n<script type=\"application\/ld+json\" class=\"yoast-schema-graph\">{\"@context\":\"https:\/\/schema.org\",\"@graph\":[{\"@type\":\"Organization\",\"@id\":\"https:\/\/devblog.mafra.it\/#organization\",\"name\":\"Medlife TV\",\"url\":\"https:\/\/devblog.mafra.it\/\",\"sameAs\":[\"https:\/\/www.facebook.com\/medlife.blog\/?ref=br_rs\",\"https:\/\/www.youtube.com\/channel\/UC--PyeeKBEpbIL-W_tOHq2w\"],\"logo\":{\"@type\":\"ImageObject\",\"@id\":\"https:\/\/devblog.mafra.it\/#logo\",\"inLanguage\":\"it-IT\",\"url\":\"https:\/\/devblog.mafra.it\/wp-content\/uploads\/2018\/05\/MEDLIFE.jpg\",\"width\":565,\"height\":250,\"caption\":\"Medlife TV\"},\"image\":{\"@id\":\"https:\/\/devblog.mafra.it\/#logo\"}},{\"@type\":\"WebSite\",\"@id\":\"https:\/\/devblog.mafra.it\/#website\",\"url\":\"https:\/\/devblog.mafra.it\/\",\"name\":\"Labocosmeticachannel\",\"description\":\"\",\"publisher\":{\"@id\":\"https:\/\/devblog.mafra.it\/#organization\"},\"potentialAction\":[{\"@type\":\"SearchAction\",\"target\":\"https:\/\/devblog.mafra.it\/?s={search_term_string}\",\"query-input\":\"required name=search_term_string\"}],\"inLanguage\":\"it-IT\"},{\"@type\":\"ImageObject\",\"@id\":\"https:\/\/devblog.mafra.it\/labocosmetica-torna-sulle-strade-di-andermatt-come-partner-ufficiale-di-supercar-owners-circle-2019\/#primaryimage\",\"inLanguage\":\"it-IT\",\"url\":\"https:\/\/devblog.mafra.it\/wp-content\/uploads\/2021\/05\/maxresdefault-51.jpg\",\"width\":1280,\"height\":720},{\"@type\":\"WebPage\",\"@id\":\"https:\/\/devblog.mafra.it\/labocosmetica-torna-sulle-strade-di-andermatt-come-partner-ufficiale-di-supercar-owners-circle-2019\/#webpage\",\"url\":\"https:\/\/devblog.mafra.it\/labocosmetica-torna-sulle-strade-di-andermatt-come-partner-ufficiale-di-supercar-owners-circle-2019\/\",\"name\":\"Labocosmetica torna sulle strade di Andermatt come partner ufficiale di Supercar Owners Circle 2019 - Labocosmeticachannel\",\"isPartOf\":{\"@id\":\"https:\/\/devblog.mafra.it\/#website\"},\"primaryImageOfPage\":{\"@id\":\"https:\/\/devblog.mafra.it\/labocosmetica-torna-sulle-strade-di-andermatt-come-partner-ufficiale-di-supercar-owners-circle-2019\/#primaryimage\"},\"datePublished\":\"2021-05-17T08:50:31+00:00\",\"dateModified\":\"2023-02-14T11:03:37+00:00\",\"inLanguage\":\"it-IT\",\"potentialAction\":[{\"@type\":\"ReadAction\",\"target\":[\"https:\/\/devblog.mafra.it\/labocosmetica-torna-sulle-strade-di-andermatt-come-partner-ufficiale-di-supercar-owners-circle-2019\/\"]}]},{\"@type\":\"Article\",\"@id\":\"https:\/\/devblog.mafra.it\/labocosmetica-torna-sulle-strade-di-andermatt-come-partner-ufficiale-di-supercar-owners-circle-2019\/#article\",\"isPartOf\":{\"@id\":\"https:\/\/devblog.mafra.it\/labocosmetica-torna-sulle-strade-di-andermatt-come-partner-ufficiale-di-supercar-owners-circle-2019\/#webpage\"},\"author\":{\"@id\":\"https:\/\/devblog.mafra.it\/#\/schema\/person\/72ac74d8ee3547512152ecdaa96fb740\"},\"headline\":\"Labocosmetica torna sulle strade di Andermatt come partner ufficiale di Supercar Owners Circle 2019\",\"datePublished\":\"2021-05-17T08:50:31+00:00\",\"dateModified\":\"2023-02-14T11:03:37+00:00\",\"mainEntityOfPage\":{\"@id\":\"https:\/\/devblog.mafra.it\/labocosmetica-torna-sulle-strade-di-andermatt-come-partner-ufficiale-di-supercar-owners-circle-2019\/#webpage\"},\"publisher\":{\"@id\":\"https:\/\/devblog.mafra.it\/#organization\"},\"image\":{\"@id\":\"https:\/\/devblog.mafra.it\/labocosmetica-torna-sulle-strade-di-andermatt-come-partner-ufficiale-di-supercar-owners-circle-2019\/#primaryimage\"},\"articleSection\":\"Gli Eventi\",\"inLanguage\":\"it-IT\"},{\"@type\":\"Person\",\"@id\":\"https:\/\/devblog.mafra.it\/#\/schema\/person\/72ac74d8ee3547512152ecdaa96fb740\",\"name\":\"LABOCOSMETICA\",\"image\":{\"@type\":\"ImageObject\",\"@id\":\"https:\/\/devblog.mafra.it\/#personlogo\",\"inLanguage\":\"it-IT\",\"url\":\"https:\/\/secure.gravatar.com\/avatar\/b4e6b16999193be7e88eb42e7d7da912?s=96&d=mm&r=g\",\"caption\":\"LABOCOSMETICA\"}}]}<\/script>\n<!-- \/ Yoast SEO plugin. -->","_links":{"self":[{"href":"https:\/\/devblog.mafra.it\/index.php?rest_route=\/wp\/v2\/posts\/7181"}],"collection":[{"href":"https:\/\/devblog.mafra.it\/index.php?rest_route=\/wp\/v2\/posts"}],"about":[{"href":"https:\/\/devblog.mafra.it\/index.php?rest_route=\/wp\/v2\/types\/post"}],"author":[{"embeddable":true,"href":"https:\/\/devblog.mafra.it\/index.php?rest_route=\/wp\/v2\/users\/171"}],"replies":[{"embeddable":true,"href":"https:\/\/devblog.mafra.it\/index.php?rest_route=%2Fwp%2Fv2%2Fcomments&post=7181"}],"version-history":[{"count":1,"href":"https:\/\/devblog.mafra.it\/index.php?rest_route=\/wp\/v2\/posts\/7181\/revisions"}],"predecessor-version":[{"id":7182,"href":"https:\/\/devblog.mafra.it\/index.php?rest_route=\/wp\/v2\/posts\/7181\/revisions\/7182"}],"wp:featuredmedia":[{"embeddable":true,"href":"https:\/\/devblog.mafra.it\/index.php?rest_route=\/wp\/v2\/media\/7493"}],"wp:attachment":[{"href":"https:\/\/devblog.mafra.it\/index.php?rest_route=%2Fwp%2Fv2%2Fmedia&parent=7181"}],"wp:term":[{"taxonomy":"category","embeddable":true,"href":"https:\/\/devblog.mafra.it\/index.php?rest_route=%2Fwp%2Fv2%2Fcategories&post=7181"},{"taxonomy":"post_tag","embeddable":true,"href":"https:\/\/devblog.mafra.it\/index.php?rest_route=%2Fwp%2Fv2%2Ftags&post=7181"}],"curies":[{"name":"wp","href":"https:\/\/api.w.org\/{rel}","templated":true}]}}