{"id":7245,"date":"2021-05-17T11:29:28","date_gmt":"2021-05-17T10:29:28","guid":{"rendered":"https:\/\/devblog.mafra.it\/?p=7245"},"modified":"2021-05-17T11:29:40","modified_gmt":"2021-05-17T10:29:40","slug":"l-anima-di-perfecta-il-quick-detailer-secondo-labocosmetica-scoprilo-insieme-a-marco-mattioli","status":"publish","type":"post","link":"https:\/\/devblog.mafra.it\/?p=7245","title":{"rendered":"L&#8217;anima di Perfecta il Quick Detailer secondo Labocosmetica, scoprilo insieme a Marco Mattioli"},"content":{"rendered":"<h2><strong><span style=\"color: #808080; font-size: 1.5em;\"> L&#8217; anima di Perfecta il Quick Detailer secondo Labocosmetica, scoprilo insieme a Marco Mattioli <\/span><\/strong><\/h2>\n<p><iframe loading=\"lazy\" title=\"YouTube video player\" src=\"https:\/\/www.youtube.com\/embed\/guj9CVKjwSA\" width=\"560\" height=\"400\" frameborder=\"0\" allowfullscreen=\"allowfullscreen\"><\/iframe><\/p>\n<p>Perfecta \u00e8 la soluzione pi\u00f9 veloce ed efficace quando avete la necessit\u00e0 di incrementare gloss, profondit\u00e0, effetto seta e protezione in poco tempo.<br \/>\nNato da una costola di Cupido, Perfecta eredita la finitura del sigillante combinandola con sofisticati detergenti. La raffinata formula riesce ad eliminare sporco, macchie di acqua, residui di insetti in modo veloce donando brillantezza ed effetto seta su carrozzeria, vetri, plastiche, guarnizioni, cromature ecc\u2026 Perfecta \u00e8 un eccellente aiuto in fase di asciugatura perch\u00e8 riduce il rischio che l\u2019acqua calcarea macchi la superficie. E\u2019 studiato per essere compatibile con gli strati applicati di cere, sigillanti o rivestimenti nanotecnologici. Ad ogni utilizzo aggiungerete uno strato di protezione extra! Consigli per l\u2019uso: Perfecta pu\u00f2 essere utilizzato su superficie bagnata o asciutta. Su superficie bagnata spruzzare Perfecta sul singolo pannello ed asciugare con un panno adatto acqua e Quick Detailer in unica soluzione. Su superficie asciutta spruzzare Perfecta su un panno in microfibra o sulla carrozzeria, stendere ed asciugare immediatamente.<\/p>\n<p><strong>Buona visione! <\/strong><\/p>\n<p><span style=\"text-decoration: underline; color: #00205b; font-size: 1.3em; line-height: 3;\"><strong><span class=\"style-scope yt-formatted-string\" dir=\"auto\">Scopri tutta la linea Labocosmetica<\/span><\/strong><\/span><\/p>\n<p><a style=\"background-color: #00205b; color: #fff!important; padding: 10px 10px; border-radius: 8px; display: inline-block;\" href=\"https:\/\/www.labocosmetica.it\/\" target=\"_blank\" rel=\"noopener noreferrer\"> ACQUISTA SU LABOCOSMETICA<\/a><a style=\"margin-left: 10px; text-decoration: none; background-color: #b3b3b3; color: #fff!important; padding: 10px 10px; border-radius: 8px; display: inline-block;\" href=\"https:\/\/www.labocosmetica.it\/blog\/\" target=\"_blank\" rel=\"noopener noreferrer\">SEGUI IL NOSTRO BLOG<\/a><\/p>\n<p>&nbsp;<\/p>\n<h3 style=\"margin-top: 20px;\">Seguici sui nostri canali<\/h3>\n<p><a href=\"https:\/\/www.facebook.com\/labocosmeticaofficial\" target=\"_blank\" rel=\"noopener noreferrer\"><img decoding=\"async\" class=\"aligncenter\" style=\"width: 40px; height: 40px; display: inline-block; margin-right: 8px; margin-left: 5px;\" src=\"https:\/\/devblog.mafra.it\/wp-content\/uploads\/2020\/12\/logo_facebook-1.png\" alt=\"facebook\" \/><\/a><a href=\"https:\/\/www.instagram.com\/labocosmetica_official\/?hl=it\" target=\"_blank\" rel=\"noopener noreferrer\"><img decoding=\"async\" class=\"alignnone\" style=\"width: 40px; height: 40px; display: inline-block; margin-right: 8px; margin-left: 5px;\" src=\"https:\/\/devblog.mafra.it\/wp-content\/uploads\/2020\/12\/instagram.png\" alt=\"instagram\" \/><\/a><a href=\"https:\/\/www.youtube.com\/channel\/UCzbVOYDVeZYMZY-DeMxcAaA\" target=\"_blank\" rel=\"noopener noreferrer\"><img decoding=\"async\" style=\"width: 40px; height: 40px; display: inline-block; margin-right: 8px; margin-left: 5px;\" src=\"https:\/\/devblog.mafra.it\/wp-content\/uploads\/2020\/12\/youtube-logotype.png\" alt=\"youtube\" \/><\/a><a href=\"https:\/\/www.pinterest.it\/labocosmetica\/_created\/\" target=\"_blank\" rel=\"noopener noreferrer\"><img decoding=\"async\" style=\"width: 40px; height: 40px; display: inline-block; margin-right: 8px; margin-left: 5px;\" src=\"https:\/\/devblog.mafra.it\/wp-content\/uploads\/2020\/12\/p.png\" alt=\"Pinterest\" \/><\/a><\/p>\n","protected":false},"excerpt":{"rendered":"<p>L&#8217; anima di Perfecta il Quick Detailer secondo Labocosmetica, scoprilo insieme a Marco Mattioli Perfecta \u00e8 la soluzione pi\u00f9 veloce ed efficace quando avete la necessit\u00e0 di incrementare gloss, profondit\u00e0, effetto seta e protezione in poco tempo. Nato da una costola di Cupido, Perfecta eredita la finitura del sigillante combinandola con sofisticati detergenti. La raffinata [&hellip;]<\/p>\n","protected":false},"author":171,"featured_media":6923,"comment_status":"closed","ping_status":"open","sticky":false,"template":"","format":"standard","meta":{"footnotes":""},"categories":[985,963],"tags":[],"class_list":["post-7245","post","type-post","status-publish","format-standard","has-post-thumbnail","hentry","category-prodotti","category-collezione"],"yoast_head":"<!-- This site is optimized with the Yoast SEO plugin v15.0 - https:\/\/yoast.com\/wordpress\/plugins\/seo\/ -->\n<title>L&#039;anima di Perfecta il Quick Detailer secondo Labocosmetica, scoprilo insieme a Marco Mattioli - Labocosmeticachannel<\/title>\n<meta name=\"robots\" content=\"index, follow, max-snippet:-1, max-image-preview:large, max-video-preview:-1\" \/>\n<link rel=\"canonical\" href=\"https:\/\/devblog.mafra.it\/l-anima-di-perfecta-il-quick-detailer-secondo-labocosmetica-scoprilo-insieme-a-marco-mattioli\/\" \/>\n<meta property=\"og:locale\" content=\"it_IT\" \/>\n<meta property=\"og:type\" content=\"article\" \/>\n<meta property=\"og:title\" content=\"L&#039;anima di Perfecta il Quick Detailer secondo Labocosmetica, scoprilo insieme a Marco Mattioli - Labocosmeticachannel\" \/>\n<meta property=\"og:description\" content=\"L&#8217; anima di Perfecta il Quick Detailer secondo Labocosmetica, scoprilo insieme a Marco Mattioli Perfecta \u00e8 la soluzione pi\u00f9 veloce ed efficace quando avete la necessit\u00e0 di incrementare gloss, profondit\u00e0, effetto seta e protezione in poco tempo. Nato da una costola di Cupido, Perfecta eredita la finitura del sigillante combinandola con sofisticati detergenti. La raffinata [&hellip;]\" \/>\n<meta property=\"og:url\" content=\"https:\/\/devblog.mafra.it\/l-anima-di-perfecta-il-quick-detailer-secondo-labocosmetica-scoprilo-insieme-a-marco-mattioli\/\" \/>\n<meta property=\"og:site_name\" content=\"Labocosmeticachannel\" \/>\n<meta property=\"article:publisher\" content=\"https:\/\/www.facebook.com\/medlife.blog\/?ref=br_rs\" \/>\n<meta property=\"article:published_time\" content=\"2021-05-17T10:29:28+00:00\" \/>\n<meta property=\"article:modified_time\" content=\"2021-05-17T10:29:40+00:00\" \/>\n<meta property=\"og:image\" content=\"https:\/\/devblog.mafra.it\/wp-content\/uploads\/2021\/04\/Schermata-2021-04-08-alle-12.06.40.png\" \/>\n\t<meta property=\"og:image:width\" content=\"2252\" \/>\n\t<meta property=\"og:image:height\" content=\"1162\" \/>\n<meta name=\"twitter:card\" content=\"summary_large_image\" \/>\n<script type=\"application\/ld+json\" class=\"yoast-schema-graph\">{\"@context\":\"https:\/\/schema.org\",\"@graph\":[{\"@type\":\"Organization\",\"@id\":\"https:\/\/devblog.mafra.it\/#organization\",\"name\":\"Medlife TV\",\"url\":\"https:\/\/devblog.mafra.it\/\",\"sameAs\":[\"https:\/\/www.facebook.com\/medlife.blog\/?ref=br_rs\",\"https:\/\/www.youtube.com\/channel\/UC--PyeeKBEpbIL-W_tOHq2w\"],\"logo\":{\"@type\":\"ImageObject\",\"@id\":\"https:\/\/devblog.mafra.it\/#logo\",\"inLanguage\":\"it-IT\",\"url\":\"https:\/\/devblog.mafra.it\/wp-content\/uploads\/2018\/05\/MEDLIFE.jpg\",\"width\":565,\"height\":250,\"caption\":\"Medlife TV\"},\"image\":{\"@id\":\"https:\/\/devblog.mafra.it\/#logo\"}},{\"@type\":\"WebSite\",\"@id\":\"https:\/\/devblog.mafra.it\/#website\",\"url\":\"https:\/\/devblog.mafra.it\/\",\"name\":\"Labocosmeticachannel\",\"description\":\"\",\"publisher\":{\"@id\":\"https:\/\/devblog.mafra.it\/#organization\"},\"potentialAction\":[{\"@type\":\"SearchAction\",\"target\":\"https:\/\/devblog.mafra.it\/?s={search_term_string}\",\"query-input\":\"required name=search_term_string\"}],\"inLanguage\":\"it-IT\"},{\"@type\":\"ImageObject\",\"@id\":\"https:\/\/devblog.mafra.it\/l-anima-di-perfecta-il-quick-detailer-secondo-labocosmetica-scoprilo-insieme-a-marco-mattioli\/#primaryimage\",\"inLanguage\":\"it-IT\",\"url\":\"https:\/\/devblog.mafra.it\/wp-content\/uploads\/2021\/04\/Schermata-2021-04-08-alle-12.06.40.png\",\"width\":2252,\"height\":1162},{\"@type\":\"WebPage\",\"@id\":\"https:\/\/devblog.mafra.it\/l-anima-di-perfecta-il-quick-detailer-secondo-labocosmetica-scoprilo-insieme-a-marco-mattioli\/#webpage\",\"url\":\"https:\/\/devblog.mafra.it\/l-anima-di-perfecta-il-quick-detailer-secondo-labocosmetica-scoprilo-insieme-a-marco-mattioli\/\",\"name\":\"L'anima di Perfecta il Quick Detailer secondo Labocosmetica, scoprilo insieme a Marco Mattioli - Labocosmeticachannel\",\"isPartOf\":{\"@id\":\"https:\/\/devblog.mafra.it\/#website\"},\"primaryImageOfPage\":{\"@id\":\"https:\/\/devblog.mafra.it\/l-anima-di-perfecta-il-quick-detailer-secondo-labocosmetica-scoprilo-insieme-a-marco-mattioli\/#primaryimage\"},\"datePublished\":\"2021-05-17T10:29:28+00:00\",\"dateModified\":\"2021-05-17T10:29:40+00:00\",\"inLanguage\":\"it-IT\",\"potentialAction\":[{\"@type\":\"ReadAction\",\"target\":[\"https:\/\/devblog.mafra.it\/l-anima-di-perfecta-il-quick-detailer-secondo-labocosmetica-scoprilo-insieme-a-marco-mattioli\/\"]}]},{\"@type\":\"Article\",\"@id\":\"https:\/\/devblog.mafra.it\/l-anima-di-perfecta-il-quick-detailer-secondo-labocosmetica-scoprilo-insieme-a-marco-mattioli\/#article\",\"isPartOf\":{\"@id\":\"https:\/\/devblog.mafra.it\/l-anima-di-perfecta-il-quick-detailer-secondo-labocosmetica-scoprilo-insieme-a-marco-mattioli\/#webpage\"},\"author\":{\"@id\":\"https:\/\/devblog.mafra.it\/#\/schema\/person\/72ac74d8ee3547512152ecdaa96fb740\"},\"headline\":\"L&#8217;anima di Perfecta il Quick Detailer secondo Labocosmetica, scoprilo insieme a Marco Mattioli\",\"datePublished\":\"2021-05-17T10:29:28+00:00\",\"dateModified\":\"2021-05-17T10:29:40+00:00\",\"mainEntityOfPage\":{\"@id\":\"https:\/\/devblog.mafra.it\/l-anima-di-perfecta-il-quick-detailer-secondo-labocosmetica-scoprilo-insieme-a-marco-mattioli\/#webpage\"},\"publisher\":{\"@id\":\"https:\/\/devblog.mafra.it\/#organization\"},\"image\":{\"@id\":\"https:\/\/devblog.mafra.it\/l-anima-di-perfecta-il-quick-detailer-secondo-labocosmetica-scoprilo-insieme-a-marco-mattioli\/#primaryimage\"},\"articleSection\":\"I prodotti,La collezione\",\"inLanguage\":\"it-IT\"},{\"@type\":\"Person\",\"@id\":\"https:\/\/devblog.mafra.it\/#\/schema\/person\/72ac74d8ee3547512152ecdaa96fb740\",\"name\":\"LABOCOSMETICA\",\"image\":{\"@type\":\"ImageObject\",\"@id\":\"https:\/\/devblog.mafra.it\/#personlogo\",\"inLanguage\":\"it-IT\",\"url\":\"https:\/\/secure.gravatar.com\/avatar\/b4e6b16999193be7e88eb42e7d7da912?s=96&d=mm&r=g\",\"caption\":\"LABOCOSMETICA\"}}]}<\/script>\n<!-- \/ Yoast SEO plugin. -->","_links":{"self":[{"href":"https:\/\/devblog.mafra.it\/index.php?rest_route=\/wp\/v2\/posts\/7245"}],"collection":[{"href":"https:\/\/devblog.mafra.it\/index.php?rest_route=\/wp\/v2\/posts"}],"about":[{"href":"https:\/\/devblog.mafra.it\/index.php?rest_route=\/wp\/v2\/types\/post"}],"author":[{"embeddable":true,"href":"https:\/\/devblog.mafra.it\/index.php?rest_route=\/wp\/v2\/users\/171"}],"replies":[{"embeddable":true,"href":"https:\/\/devblog.mafra.it\/index.php?rest_route=%2Fwp%2Fv2%2Fcomments&post=7245"}],"version-history":[{"count":2,"href":"https:\/\/devblog.mafra.it\/index.php?rest_route=\/wp\/v2\/posts\/7245\/revisions"}],"predecessor-version":[{"id":7247,"href":"https:\/\/devblog.mafra.it\/index.php?rest_route=\/wp\/v2\/posts\/7245\/revisions\/7247"}],"wp:featuredmedia":[{"embeddable":true,"href":"https:\/\/devblog.mafra.it\/index.php?rest_route=\/wp\/v2\/media\/6923"}],"wp:attachment":[{"href":"https:\/\/devblog.mafra.it\/index.php?rest_route=%2Fwp%2Fv2%2Fmedia&parent=7245"}],"wp:term":[{"taxonomy":"category","embeddable":true,"href":"https:\/\/devblog.mafra.it\/index.php?rest_route=%2Fwp%2Fv2%2Fcategories&post=7245"},{"taxonomy":"post_tag","embeddable":true,"href":"https:\/\/devblog.mafra.it\/index.php?rest_route=%2Fwp%2Fv2%2Ftags&post=7245"}],"curies":[{"name":"wp","href":"https:\/\/api.w.org\/{rel}","templated":true}]}}