{"id":7313,"date":"2021-05-17T16:50:27","date_gmt":"2021-05-17T15:50:27","guid":{"rendered":"https:\/\/devblog.mafra.it\/?p=7313"},"modified":"2021-05-17T16:50:27","modified_gmt":"2021-05-17T15:50:27","slug":"scopri-insieme-a-marco-mattioli-la-nuova-linea-polish-di-labocosmetica-audace-fiero-e-leale","status":"publish","type":"post","link":"https:\/\/devblog.mafra.it\/?p=7313","title":{"rendered":"Scopri insieme a Marco Mattioli la nuova linea polish di Labocosmetica: Audace, Fiero e Leale"},"content":{"rendered":"<h2><strong><span style=\"color: #808080; font-size: 1.5em;\">Scopri insieme a Marco Mattioli la nuova linea polish di Labocosmetica: Audace, Fiero e Leale <\/span><\/strong><\/h2>\n<p><iframe loading=\"lazy\" title=\"YouTube video player\" src=\"https:\/\/www.youtube.com\/embed\/obsB7s_pYCk\" width=\"560\" height=\"400\" frameborder=\"0\" allowfullscreen=\"allowfullscreen\"><\/iframe><\/p>\n<p>Dopo un anno di collaudo, 132 test, 136 versioni, 62 detailer coinvolti ecco a voi finalmente il ciclo di polish Labocosmetica.<\/p>\n<p>Nascono questi tre sistemi di lucidatura innovativa dedicato a coloro che amano la propria vettura e vogliono lucidarla.<br \/>\nEcco una breve panoramica della nuova linea di polish Labocosmetica:<\/p>\n<p>\u2022 AUDACE \u00e8 un compound a base d\u2019acqua ad alta capacit\u00e0 di taglio, gi\u00e0 a basse velocit\u00e0. Tutto questo grazie ad una selezione di abrasivi di nuova concezione grazie ai quali riuscirai ad ottenere prestazioni di taglio con rotorbitale paragonabili a quelle con l\u2019utilizzo di rotativa, garantendo tempi di lavorazione<br \/>\nridotti.<\/p>\n<p>Con AUDACE si riescono a ridurre i tempi di lavorazione fino al 50% rispetto ai tradizionali compound. \u00c8 il compound versatile che i detailer amano perch\u00e9 risolve le situazioni pi\u00f9 difficili risparmiando tempo e denaro. Tutto questo grazie alla tecnologia \u201cCold Cut Technology&#x2122;\u201d che permette di eliminare difetti gravi a bassa velocit\u00e0 (1200 giri con rotativa o velocit\u00e0 4,5 con rotorbitale), riducendo il rischio di creare ologrammi, accorciando i tempi di lavorazione, aumentando il confort di lavoro e utilizzando meno prodotto.<\/p>\n<p>\u2022 FIERO \u00e8 un innovativo e raffinato rifinitore primer a base d&#8217;acqua privo di cere o siliconi. Non copre i difetti ma li elimina lasciando sulla superficie trattata una finitura pura e vera con un gloss estremo e profondo, creando la condizione ideale per l\u2019applicazione di coating nanoceramici. Il nostro primer \u00e8 stato progettato proprio per preparare la superficie alla successiva fase di applicazione coating Grazie all\u2019innovativa tecnologia S.A.M. (Self Assembled Monolayer), garantisce un link forte e duraturo tra la superficie ed il coating nanoceramico applicato, compreso il nostro sigillante Cup\u00ecdo.<br \/>\nI primer tradizionali che utilizzano resine e riempitivi per ottenere una eccellente rifinitura, hanno bisogno di tempi lunghi per linkare sulla vernice, di solito dalle 6 alle 12 ore di attesa!<\/p>\n<p>Con FIERO tutto questo non avviene perch\u00e9 permette l\u2019applicazione del coating scelto subito dopo la fase di rifinitura, facendo cos\u00ec risparmiare molto tempo al detailer.<\/p>\n<p>\u2022 FIERO \u00e8 un super rifinitore sincero, non teme IPA ed \u00e8 compatibile con tutti i coating che richiedono lampade UV senza nessun calo di Gloss<\/p>\n<p>\u2022 LEALE \u00e8 un innovativo e raffinato polish medio abrasivo, a base d&#8217;acqua e senza siliconi, che contiene abrasivi sintetizzati in grado di<br \/>\nlavorare su tutte le superfici anche quelle pi\u00f9 sensibili come sticky, reflow e super morbide, vero incubo di tutti i detailer. Rimuove facilmente segni causati da un errato lavaggio, swirls, imperfezioni comuni e segni di carteggiatura fino a 2500 di grana, anche superfici ceramiche e dure con un taglio pulito e preciso che gli consente di ottenere una eccellente finitura ed un gloss profondo.<\/p>\n<p><strong>Buona visione! <\/strong><\/p>\n<p><span style=\"text-decoration: underline; color: #00205b; font-size: 1.3em; line-height: 3;\"><strong><span class=\"style-scope yt-formatted-string\" dir=\"auto\">Scopri tutta la linea Labocosmetica<\/span><\/strong><\/span><\/p>\n<p><a style=\"background-color: #00205b; color: #fff!important; padding: 10px 10px; border-radius: 8px; display: inline-block;\" href=\"https:\/\/www.labocosmetica.it\/\" target=\"_blank\" rel=\"noopener noreferrer\"> ACQUISTA SU LABOCOSMETICA<\/a><a style=\"margin-left: 10px; text-decoration: none; background-color: #b3b3b3; color: #fff!important; padding: 10px 10px; border-radius: 8px; display: inline-block;\" href=\"https:\/\/www.labocosmetica.it\/blog\/\" target=\"_blank\" rel=\"noopener noreferrer\">SEGUI IL NOSTRO BLOG<\/a><\/p>\n<p>&nbsp;<\/p>\n<h3 style=\"margin-top: 20px;\">Seguici sui nostri canali<\/h3>\n<p><a href=\"https:\/\/www.facebook.com\/labocosmeticaofficial\" target=\"_blank\" rel=\"noopener noreferrer\"><img decoding=\"async\" class=\"aligncenter\" style=\"width: 40px; height: 40px; display: inline-block; margin-right: 8px; margin-left: 5px;\" src=\"https:\/\/devblog.mafra.it\/wp-content\/uploads\/2020\/12\/logo_facebook-1.png\" alt=\"facebook\" \/><\/a><a href=\"https:\/\/www.instagram.com\/labocosmetica_official\/?hl=it\" target=\"_blank\" rel=\"noopener noreferrer\"><img decoding=\"async\" class=\"alignnone\" style=\"width: 40px; height: 40px; display: inline-block; margin-right: 8px; margin-left: 5px;\" src=\"https:\/\/devblog.mafra.it\/wp-content\/uploads\/2020\/12\/instagram.png\" alt=\"instagram\" \/><\/a><a href=\"https:\/\/www.youtube.com\/channel\/UCzbVOYDVeZYMZY-DeMxcAaA\" target=\"_blank\" rel=\"noopener noreferrer\"><img decoding=\"async\" style=\"width: 40px; height: 40px; display: inline-block; margin-right: 8px; margin-left: 5px;\" src=\"https:\/\/devblog.mafra.it\/wp-content\/uploads\/2020\/12\/youtube-logotype.png\" alt=\"youtube\" \/><\/a><a href=\"https:\/\/www.pinterest.it\/labocosmetica\/_created\/\" target=\"_blank\" rel=\"noopener noreferrer\"><img decoding=\"async\" style=\"width: 40px; height: 40px; display: inline-block; margin-right: 8px; margin-left: 5px;\" src=\"https:\/\/devblog.mafra.it\/wp-content\/uploads\/2020\/12\/p.png\" alt=\"Pinterest\" \/><\/a><\/p>\n","protected":false},"excerpt":{"rendered":"<p>Scopri insieme a Marco Mattioli la nuova linea polish di Labocosmetica: Audace, Fiero e Leale Dopo un anno di collaudo, 132 test, 136 versioni, 62 detailer coinvolti ecco a voi finalmente il ciclo di polish Labocosmetica. Nascono questi tre sistemi di lucidatura innovativa dedicato a coloro che amano la propria vettura e vogliono lucidarla. Ecco [&hellip;]<\/p>\n","protected":false},"author":171,"featured_media":6923,"comment_status":"closed","ping_status":"open","sticky":false,"template":"","format":"standard","meta":{"footnotes":""},"categories":[985,963],"tags":[],"class_list":["post-7313","post","type-post","status-publish","format-standard","has-post-thumbnail","hentry","category-prodotti","category-collezione"],"yoast_head":"<!-- This site is optimized with the Yoast SEO plugin v15.0 - https:\/\/yoast.com\/wordpress\/plugins\/seo\/ -->\n<title>Scopri insieme a Marco Mattioli la nuova linea polish di Labocosmetica: Audace, Fiero e Leale - Labocosmeticachannel<\/title>\n<meta name=\"robots\" content=\"index, follow, max-snippet:-1, max-image-preview:large, max-video-preview:-1\" \/>\n<link rel=\"canonical\" href=\"https:\/\/devblog.mafra.it\/scopri-insieme-a-marco-mattioli-la-nuova-linea-polish-di-labocosmetica-audace-fiero-e-leale\/\" \/>\n<meta property=\"og:locale\" content=\"it_IT\" \/>\n<meta property=\"og:type\" content=\"article\" \/>\n<meta property=\"og:title\" content=\"Scopri insieme a Marco Mattioli la nuova linea polish di Labocosmetica: Audace, Fiero e Leale - Labocosmeticachannel\" \/>\n<meta property=\"og:description\" content=\"Scopri insieme a Marco Mattioli la nuova linea polish di Labocosmetica: Audace, Fiero e Leale Dopo un anno di collaudo, 132 test, 136 versioni, 62 detailer coinvolti ecco a voi finalmente il ciclo di polish Labocosmetica. Nascono questi tre sistemi di lucidatura innovativa dedicato a coloro che amano la propria vettura e vogliono lucidarla. Ecco [&hellip;]\" \/>\n<meta property=\"og:url\" content=\"https:\/\/devblog.mafra.it\/scopri-insieme-a-marco-mattioli-la-nuova-linea-polish-di-labocosmetica-audace-fiero-e-leale\/\" \/>\n<meta property=\"og:site_name\" content=\"Labocosmeticachannel\" \/>\n<meta property=\"article:publisher\" content=\"https:\/\/www.facebook.com\/medlife.blog\/?ref=br_rs\" \/>\n<meta property=\"article:published_time\" content=\"2021-05-17T15:50:27+00:00\" \/>\n<meta property=\"og:image\" content=\"https:\/\/devblog.mafra.it\/wp-content\/uploads\/2021\/04\/Schermata-2021-04-08-alle-12.06.40.png\" \/>\n\t<meta property=\"og:image:width\" content=\"2252\" \/>\n\t<meta property=\"og:image:height\" content=\"1162\" \/>\n<meta name=\"twitter:card\" content=\"summary_large_image\" \/>\n<script type=\"application\/ld+json\" class=\"yoast-schema-graph\">{\"@context\":\"https:\/\/schema.org\",\"@graph\":[{\"@type\":\"Organization\",\"@id\":\"https:\/\/devblog.mafra.it\/#organization\",\"name\":\"Medlife TV\",\"url\":\"https:\/\/devblog.mafra.it\/\",\"sameAs\":[\"https:\/\/www.facebook.com\/medlife.blog\/?ref=br_rs\",\"https:\/\/www.youtube.com\/channel\/UC--PyeeKBEpbIL-W_tOHq2w\"],\"logo\":{\"@type\":\"ImageObject\",\"@id\":\"https:\/\/devblog.mafra.it\/#logo\",\"inLanguage\":\"it-IT\",\"url\":\"https:\/\/devblog.mafra.it\/wp-content\/uploads\/2018\/05\/MEDLIFE.jpg\",\"width\":565,\"height\":250,\"caption\":\"Medlife TV\"},\"image\":{\"@id\":\"https:\/\/devblog.mafra.it\/#logo\"}},{\"@type\":\"WebSite\",\"@id\":\"https:\/\/devblog.mafra.it\/#website\",\"url\":\"https:\/\/devblog.mafra.it\/\",\"name\":\"Labocosmeticachannel\",\"description\":\"\",\"publisher\":{\"@id\":\"https:\/\/devblog.mafra.it\/#organization\"},\"potentialAction\":[{\"@type\":\"SearchAction\",\"target\":\"https:\/\/devblog.mafra.it\/?s={search_term_string}\",\"query-input\":\"required name=search_term_string\"}],\"inLanguage\":\"it-IT\"},{\"@type\":\"ImageObject\",\"@id\":\"https:\/\/devblog.mafra.it\/scopri-insieme-a-marco-mattioli-la-nuova-linea-polish-di-labocosmetica-audace-fiero-e-leale\/#primaryimage\",\"inLanguage\":\"it-IT\",\"url\":\"https:\/\/devblog.mafra.it\/wp-content\/uploads\/2021\/04\/Schermata-2021-04-08-alle-12.06.40.png\",\"width\":2252,\"height\":1162},{\"@type\":\"WebPage\",\"@id\":\"https:\/\/devblog.mafra.it\/scopri-insieme-a-marco-mattioli-la-nuova-linea-polish-di-labocosmetica-audace-fiero-e-leale\/#webpage\",\"url\":\"https:\/\/devblog.mafra.it\/scopri-insieme-a-marco-mattioli-la-nuova-linea-polish-di-labocosmetica-audace-fiero-e-leale\/\",\"name\":\"Scopri insieme a Marco Mattioli la nuova linea polish di Labocosmetica: Audace, Fiero e Leale - Labocosmeticachannel\",\"isPartOf\":{\"@id\":\"https:\/\/devblog.mafra.it\/#website\"},\"primaryImageOfPage\":{\"@id\":\"https:\/\/devblog.mafra.it\/scopri-insieme-a-marco-mattioli-la-nuova-linea-polish-di-labocosmetica-audace-fiero-e-leale\/#primaryimage\"},\"datePublished\":\"2021-05-17T15:50:27+00:00\",\"dateModified\":\"2021-05-17T15:50:27+00:00\",\"inLanguage\":\"it-IT\",\"potentialAction\":[{\"@type\":\"ReadAction\",\"target\":[\"https:\/\/devblog.mafra.it\/scopri-insieme-a-marco-mattioli-la-nuova-linea-polish-di-labocosmetica-audace-fiero-e-leale\/\"]}]},{\"@type\":\"Article\",\"@id\":\"https:\/\/devblog.mafra.it\/scopri-insieme-a-marco-mattioli-la-nuova-linea-polish-di-labocosmetica-audace-fiero-e-leale\/#article\",\"isPartOf\":{\"@id\":\"https:\/\/devblog.mafra.it\/scopri-insieme-a-marco-mattioli-la-nuova-linea-polish-di-labocosmetica-audace-fiero-e-leale\/#webpage\"},\"author\":{\"@id\":\"https:\/\/devblog.mafra.it\/#\/schema\/person\/72ac74d8ee3547512152ecdaa96fb740\"},\"headline\":\"Scopri insieme a Marco Mattioli la nuova linea polish di Labocosmetica: Audace, Fiero e Leale\",\"datePublished\":\"2021-05-17T15:50:27+00:00\",\"dateModified\":\"2021-05-17T15:50:27+00:00\",\"mainEntityOfPage\":{\"@id\":\"https:\/\/devblog.mafra.it\/scopri-insieme-a-marco-mattioli-la-nuova-linea-polish-di-labocosmetica-audace-fiero-e-leale\/#webpage\"},\"publisher\":{\"@id\":\"https:\/\/devblog.mafra.it\/#organization\"},\"image\":{\"@id\":\"https:\/\/devblog.mafra.it\/scopri-insieme-a-marco-mattioli-la-nuova-linea-polish-di-labocosmetica-audace-fiero-e-leale\/#primaryimage\"},\"articleSection\":\"I prodotti,La collezione\",\"inLanguage\":\"it-IT\"},{\"@type\":\"Person\",\"@id\":\"https:\/\/devblog.mafra.it\/#\/schema\/person\/72ac74d8ee3547512152ecdaa96fb740\",\"name\":\"LABOCOSMETICA\",\"image\":{\"@type\":\"ImageObject\",\"@id\":\"https:\/\/devblog.mafra.it\/#personlogo\",\"inLanguage\":\"it-IT\",\"url\":\"https:\/\/secure.gravatar.com\/avatar\/b4e6b16999193be7e88eb42e7d7da912?s=96&d=mm&r=g\",\"caption\":\"LABOCOSMETICA\"}}]}<\/script>\n<!-- \/ Yoast SEO plugin. -->","_links":{"self":[{"href":"https:\/\/devblog.mafra.it\/index.php?rest_route=\/wp\/v2\/posts\/7313"}],"collection":[{"href":"https:\/\/devblog.mafra.it\/index.php?rest_route=\/wp\/v2\/posts"}],"about":[{"href":"https:\/\/devblog.mafra.it\/index.php?rest_route=\/wp\/v2\/types\/post"}],"author":[{"embeddable":true,"href":"https:\/\/devblog.mafra.it\/index.php?rest_route=\/wp\/v2\/users\/171"}],"replies":[{"embeddable":true,"href":"https:\/\/devblog.mafra.it\/index.php?rest_route=%2Fwp%2Fv2%2Fcomments&post=7313"}],"version-history":[{"count":1,"href":"https:\/\/devblog.mafra.it\/index.php?rest_route=\/wp\/v2\/posts\/7313\/revisions"}],"predecessor-version":[{"id":7314,"href":"https:\/\/devblog.mafra.it\/index.php?rest_route=\/wp\/v2\/posts\/7313\/revisions\/7314"}],"wp:featuredmedia":[{"embeddable":true,"href":"https:\/\/devblog.mafra.it\/index.php?rest_route=\/wp\/v2\/media\/6923"}],"wp:attachment":[{"href":"https:\/\/devblog.mafra.it\/index.php?rest_route=%2Fwp%2Fv2%2Fmedia&parent=7313"}],"wp:term":[{"taxonomy":"category","embeddable":true,"href":"https:\/\/devblog.mafra.it\/index.php?rest_route=%2Fwp%2Fv2%2Fcategories&post=7313"},{"taxonomy":"post_tag","embeddable":true,"href":"https:\/\/devblog.mafra.it\/index.php?rest_route=%2Fwp%2Fv2%2Ftags&post=7313"}],"curies":[{"name":"wp","href":"https:\/\/api.w.org\/{rel}","templated":true}]}}