{"id":7390,"date":"2021-05-19T10:09:12","date_gmt":"2021-05-19T09:09:12","guid":{"rendered":"https:\/\/devblog.mafra.it\/?p=7390"},"modified":"2023-02-14T11:06:23","modified_gmt":"2023-02-14T10:06:23","slug":"scopri-il-nuovo-outfit-di-labocosmetica-la-linea-dedicata-ai-detailer-e-appassionati","status":"publish","type":"post","link":"https:\/\/devblog.mafra.it\/?p=7390","title":{"rendered":"Scopri il nuovo outfit di Labocosmetica, la linea dedicata ai detailer e appassionati"},"content":{"rendered":"<h2><strong><span style=\"color: #808080; font-size: 1.5em;\">Scopri il nuovo outfit di Labocosmetica, la linea dedicata ai detailer e appassionati <\/span><\/strong><\/h2>\n<p><iframe loading=\"lazy\" title=\"YouTube video player\" src=\"https:\/\/www.youtube.com\/embed\/ZBIl8X_S4Jo\" width=\"560\" height=\"400\" frameborder=\"0\" allowfullscreen=\"allowfullscreen\"><\/iframe><\/p>\n<p>Scopri in questo video la nuova linea di abbigliamento Labocosmetica studiata e realizzata con estrema cura per tutti i detailer e gli appassionati per la cura dell\u2019auto pi\u00f9 esigenti!<\/p>\n<p>LABOCOSMETICA \u00e8 orientata all&#8217;innovazione totale con un unico obiettivo: soddisfare i Detailer pi\u00f9 esigenti, fornire soluzioni per risolvere problemi e fornirgli nuove soluzioni precedentemente sconosciute, aiutando la vita dei dettagli nel suo lavoro quotidiano.<\/p>\n<p>Ecco perch\u00e9 i prodotti Labocosmetica sono facili da usare e caratterizzati dalla cosiddetta tecnologia I Forgive You: consentono una facile correzione degli eventuali errori commessi dai detailer durante l&#8217;uso e l&#8217;applicazione dei prodotti.<\/p>\n<p><strong>Buona visione! <\/strong><\/p>\n<p><span style=\"text-decoration: underline; color: #00205b; font-size: 1.3em; line-height: 3;\"><strong><span class=\"style-scope yt-formatted-string\" dir=\"auto\">Scopri tutta la linea Labocosmetica<\/span><\/strong><\/span><\/p>\n<p><a style=\"background-color: #00205b; color: #fff!important; padding: 10px 10px; border-radius: 8px; display: inline-block;\" href=\"https:\/\/www.labocosmetica.it\/\" target=\"_blank\" rel=\"noopener noreferrer\"> ACQUISTA SU LABOCOSMETICA<\/a><a style=\"margin-left: 10px; text-decoration: none; background-color: #b3b3b3; color: #fff!important; padding: 10px 10px; border-radius: 8px; display: inline-block;\" href=\"https:\/\/www.labocosmetica.it\/blog\/\" target=\"_blank\" rel=\"noopener noreferrer\">SEGUI IL NOSTRO BLOG<\/a><\/p>\n<p>&nbsp;<\/p>\n<h3 style=\"margin-top: 20px;\">Seguici sui nostri canali<\/h3>\n<p><a href=\"https:\/\/www.facebook.com\/labocosmeticaofficial\" target=\"_blank\" rel=\"noopener noreferrer\"><img decoding=\"async\" class=\"aligncenter\" style=\"width: 40px; height: 40px; display: inline-block; margin-right: 8px; margin-left: 5px;\" src=\"https:\/\/devblog.mafra.it\/wp-content\/uploads\/2020\/12\/logo_facebook-1.png\" alt=\"facebook\" \/><\/a><a href=\"https:\/\/www.instagram.com\/labocosmetica_official\/?hl=it\" target=\"_blank\" rel=\"noopener noreferrer\"><img decoding=\"async\" class=\"alignnone\" style=\"width: 40px; height: 40px; display: inline-block; margin-right: 8px; margin-left: 5px;\" src=\"https:\/\/devblog.mafra.it\/wp-content\/uploads\/2020\/12\/instagram.png\" alt=\"instagram\" \/><\/a><a href=\"https:\/\/www.youtube.com\/channel\/UCzbVOYDVeZYMZY-DeMxcAaA\" target=\"_blank\" rel=\"noopener noreferrer\"><img decoding=\"async\" style=\"width: 40px; height: 40px; display: inline-block; margin-right: 8px; margin-left: 5px;\" src=\"https:\/\/devblog.mafra.it\/wp-content\/uploads\/2020\/12\/youtube-logotype.png\" alt=\"youtube\" \/><\/a><a href=\"https:\/\/www.pinterest.it\/labocosmetica\/_created\/\" target=\"_blank\" rel=\"noopener noreferrer\"><img decoding=\"async\" style=\"width: 40px; height: 40px; display: inline-block; margin-right: 8px; margin-left: 5px;\" src=\"https:\/\/devblog.mafra.it\/wp-content\/uploads\/2020\/12\/p.png\" alt=\"Pinterest\" \/><\/a><\/p>\n","protected":false},"excerpt":{"rendered":"<p>Scopri il nuovo outfit di Labocosmetica, la linea dedicata ai detailer e appassionati Scopri in questo video la nuova linea di abbigliamento Labocosmetica studiata e realizzata con estrema cura per tutti i detailer e gli appassionati per la cura dell\u2019auto pi\u00f9 esigenti! LABOCOSMETICA \u00e8 orientata all&#8217;innovazione totale con un unico obiettivo: soddisfare i Detailer pi\u00f9 [&hellip;]<\/p>\n","protected":false},"author":171,"featured_media":7425,"comment_status":"closed","ping_status":"open","sticky":false,"template":"","format":"standard","meta":{"footnotes":""},"categories":[11,981],"tags":[],"class_list":["post-7390","post","type-post","status-publish","format-standard","has-post-thumbnail","hentry","category-da-non-perdere","category-detailing"],"yoast_head":"<!-- This site is optimized with the Yoast SEO plugin v15.0 - https:\/\/yoast.com\/wordpress\/plugins\/seo\/ -->\n<title>Scopri il nuovo outfit di Labocosmetica, la linea dedicata ai detailer e appassionati - Labocosmeticachannel<\/title>\n<meta name=\"robots\" content=\"index, follow, max-snippet:-1, max-image-preview:large, max-video-preview:-1\" \/>\n<link rel=\"canonical\" href=\"https:\/\/devblog.mafra.it\/scopri-il-nuovo-outfit-di-labocosmetica-la-linea-dedicata-ai-detailer-e-appassionati\/\" \/>\n<meta property=\"og:locale\" content=\"it_IT\" \/>\n<meta property=\"og:type\" content=\"article\" \/>\n<meta property=\"og:title\" content=\"Scopri il nuovo outfit di Labocosmetica, la linea dedicata ai detailer e appassionati - Labocosmeticachannel\" \/>\n<meta property=\"og:description\" content=\"Scopri il nuovo outfit di Labocosmetica, la linea dedicata ai detailer e appassionati Scopri in questo video la nuova linea di abbigliamento Labocosmetica studiata e realizzata con estrema cura per tutti i detailer e gli appassionati per la cura dell\u2019auto pi\u00f9 esigenti! LABOCOSMETICA \u00e8 orientata all&#8217;innovazione totale con un unico obiettivo: soddisfare i Detailer pi\u00f9 [&hellip;]\" \/>\n<meta property=\"og:url\" content=\"https:\/\/devblog.mafra.it\/scopri-il-nuovo-outfit-di-labocosmetica-la-linea-dedicata-ai-detailer-e-appassionati\/\" \/>\n<meta property=\"og:site_name\" content=\"Labocosmeticachannel\" \/>\n<meta property=\"article:publisher\" content=\"https:\/\/www.facebook.com\/medlife.blog\/?ref=br_rs\" \/>\n<meta property=\"article:published_time\" content=\"2021-05-19T09:09:12+00:00\" \/>\n<meta property=\"article:modified_time\" content=\"2023-02-14T10:06:23+00:00\" \/>\n<meta property=\"og:image\" content=\"https:\/\/devblog.mafra.it\/wp-content\/uploads\/2021\/05\/Screenshot-2023-02-14-alle-11.06.03.png\" \/>\n\t<meta property=\"og:image:width\" content=\"1227\" \/>\n\t<meta property=\"og:image:height\" content=\"715\" \/>\n<meta name=\"twitter:card\" content=\"summary_large_image\" \/>\n<script type=\"application\/ld+json\" class=\"yoast-schema-graph\">{\"@context\":\"https:\/\/schema.org\",\"@graph\":[{\"@type\":\"Organization\",\"@id\":\"https:\/\/devblog.mafra.it\/#organization\",\"name\":\"Medlife TV\",\"url\":\"https:\/\/devblog.mafra.it\/\",\"sameAs\":[\"https:\/\/www.facebook.com\/medlife.blog\/?ref=br_rs\",\"https:\/\/www.youtube.com\/channel\/UC--PyeeKBEpbIL-W_tOHq2w\"],\"logo\":{\"@type\":\"ImageObject\",\"@id\":\"https:\/\/devblog.mafra.it\/#logo\",\"inLanguage\":\"it-IT\",\"url\":\"https:\/\/devblog.mafra.it\/wp-content\/uploads\/2018\/05\/MEDLIFE.jpg\",\"width\":565,\"height\":250,\"caption\":\"Medlife TV\"},\"image\":{\"@id\":\"https:\/\/devblog.mafra.it\/#logo\"}},{\"@type\":\"WebSite\",\"@id\":\"https:\/\/devblog.mafra.it\/#website\",\"url\":\"https:\/\/devblog.mafra.it\/\",\"name\":\"Labocosmeticachannel\",\"description\":\"\",\"publisher\":{\"@id\":\"https:\/\/devblog.mafra.it\/#organization\"},\"potentialAction\":[{\"@type\":\"SearchAction\",\"target\":\"https:\/\/devblog.mafra.it\/?s={search_term_string}\",\"query-input\":\"required name=search_term_string\"}],\"inLanguage\":\"it-IT\"},{\"@type\":\"ImageObject\",\"@id\":\"https:\/\/devblog.mafra.it\/scopri-il-nuovo-outfit-di-labocosmetica-la-linea-dedicata-ai-detailer-e-appassionati\/#primaryimage\",\"inLanguage\":\"it-IT\",\"url\":\"https:\/\/devblog.mafra.it\/wp-content\/uploads\/2021\/05\/Screenshot-2023-02-14-alle-11.06.03.png\",\"width\":1227,\"height\":715},{\"@type\":\"WebPage\",\"@id\":\"https:\/\/devblog.mafra.it\/scopri-il-nuovo-outfit-di-labocosmetica-la-linea-dedicata-ai-detailer-e-appassionati\/#webpage\",\"url\":\"https:\/\/devblog.mafra.it\/scopri-il-nuovo-outfit-di-labocosmetica-la-linea-dedicata-ai-detailer-e-appassionati\/\",\"name\":\"Scopri il nuovo outfit di Labocosmetica, la linea dedicata ai detailer e appassionati - Labocosmeticachannel\",\"isPartOf\":{\"@id\":\"https:\/\/devblog.mafra.it\/#website\"},\"primaryImageOfPage\":{\"@id\":\"https:\/\/devblog.mafra.it\/scopri-il-nuovo-outfit-di-labocosmetica-la-linea-dedicata-ai-detailer-e-appassionati\/#primaryimage\"},\"datePublished\":\"2021-05-19T09:09:12+00:00\",\"dateModified\":\"2023-02-14T10:06:23+00:00\",\"inLanguage\":\"it-IT\",\"potentialAction\":[{\"@type\":\"ReadAction\",\"target\":[\"https:\/\/devblog.mafra.it\/scopri-il-nuovo-outfit-di-labocosmetica-la-linea-dedicata-ai-detailer-e-appassionati\/\"]}]},{\"@type\":\"Article\",\"@id\":\"https:\/\/devblog.mafra.it\/scopri-il-nuovo-outfit-di-labocosmetica-la-linea-dedicata-ai-detailer-e-appassionati\/#article\",\"isPartOf\":{\"@id\":\"https:\/\/devblog.mafra.it\/scopri-il-nuovo-outfit-di-labocosmetica-la-linea-dedicata-ai-detailer-e-appassionati\/#webpage\"},\"author\":{\"@id\":\"https:\/\/devblog.mafra.it\/#\/schema\/person\/72ac74d8ee3547512152ecdaa96fb740\"},\"headline\":\"Scopri il nuovo outfit di Labocosmetica, la linea dedicata ai detailer e appassionati\",\"datePublished\":\"2021-05-19T09:09:12+00:00\",\"dateModified\":\"2023-02-14T10:06:23+00:00\",\"mainEntityOfPage\":{\"@id\":\"https:\/\/devblog.mafra.it\/scopri-il-nuovo-outfit-di-labocosmetica-la-linea-dedicata-ai-detailer-e-appassionati\/#webpage\"},\"publisher\":{\"@id\":\"https:\/\/devblog.mafra.it\/#organization\"},\"image\":{\"@id\":\"https:\/\/devblog.mafra.it\/scopri-il-nuovo-outfit-di-labocosmetica-la-linea-dedicata-ai-detailer-e-appassionati\/#primaryimage\"},\"articleSection\":\"Da non perdere,Il Car Detailing\",\"inLanguage\":\"it-IT\"},{\"@type\":\"Person\",\"@id\":\"https:\/\/devblog.mafra.it\/#\/schema\/person\/72ac74d8ee3547512152ecdaa96fb740\",\"name\":\"LABOCOSMETICA\",\"image\":{\"@type\":\"ImageObject\",\"@id\":\"https:\/\/devblog.mafra.it\/#personlogo\",\"inLanguage\":\"it-IT\",\"url\":\"https:\/\/secure.gravatar.com\/avatar\/b4e6b16999193be7e88eb42e7d7da912?s=96&d=mm&r=g\",\"caption\":\"LABOCOSMETICA\"}}]}<\/script>\n<!-- \/ Yoast SEO plugin. -->","_links":{"self":[{"href":"https:\/\/devblog.mafra.it\/index.php?rest_route=\/wp\/v2\/posts\/7390"}],"collection":[{"href":"https:\/\/devblog.mafra.it\/index.php?rest_route=\/wp\/v2\/posts"}],"about":[{"href":"https:\/\/devblog.mafra.it\/index.php?rest_route=\/wp\/v2\/types\/post"}],"author":[{"embeddable":true,"href":"https:\/\/devblog.mafra.it\/index.php?rest_route=\/wp\/v2\/users\/171"}],"replies":[{"embeddable":true,"href":"https:\/\/devblog.mafra.it\/index.php?rest_route=%2Fwp%2Fv2%2Fcomments&post=7390"}],"version-history":[{"count":1,"href":"https:\/\/devblog.mafra.it\/index.php?rest_route=\/wp\/v2\/posts\/7390\/revisions"}],"predecessor-version":[{"id":7391,"href":"https:\/\/devblog.mafra.it\/index.php?rest_route=\/wp\/v2\/posts\/7390\/revisions\/7391"}],"wp:featuredmedia":[{"embeddable":true,"href":"https:\/\/devblog.mafra.it\/index.php?rest_route=\/wp\/v2\/media\/7425"}],"wp:attachment":[{"href":"https:\/\/devblog.mafra.it\/index.php?rest_route=%2Fwp%2Fv2%2Fmedia&parent=7390"}],"wp:term":[{"taxonomy":"category","embeddable":true,"href":"https:\/\/devblog.mafra.it\/index.php?rest_route=%2Fwp%2Fv2%2Fcategories&post=7390"},{"taxonomy":"post_tag","embeddable":true,"href":"https:\/\/devblog.mafra.it\/index.php?rest_route=%2Fwp%2Fv2%2Ftags&post=7390"}],"curies":[{"name":"wp","href":"https:\/\/api.w.org\/{rel}","templated":true}]}}